{"id":1023,"date":"2010-04-28T23:06:10","date_gmt":"2010-04-29T04:06:10","guid":{"rendered":"http:\/\/coreco.org.mx\/wordpress\/?p=1023"},"modified":"2010-04-28T23:09:12","modified_gmt":"2010-04-29T04:09:12","slug":"asesinato-en-oaxaca-a-miembros-de-caravana-civil-humanitaria","status":"publish","type":"post","link":"https:\/\/coreco.org.mx\/wordpress\/asesinato-en-oaxaca-a-miembros-de-caravana-civil-humanitaria\/","title":{"rendered":"Asesinato en Oaxaca a miembros de caravana civil humanitaria"},"content":{"rendered":"<p>A la opini\u00f3n p\u00fablica,<\/p>\n<p>Al Gobierno federal,<\/p>\n<p>A la sociedad civil en general:<\/p>\n<p>La organizaciones abajo firmantes expresamos nuestra indignaci\u00f3n y exigencia de justicia frente al ataque perpetrado por un grupo de paramilitares de la Unidad para el Bienestar\u00a0 Social de la regi\u00f3n Triqui (UBISORT), contra la caravana civil humanitaria que se dirig\u00eda a\u00a0 brindar v\u00edveres y solidaridad al municipio aut\u00f3nomo de San Juan Copala en la regi\u00f3n Triqui y en la que fueron asesinados\u00a0 BEATR\u00edZ ALBERTA CARI\u00d1O TRUJILLO integrante de CACTUS y\u00a0 TYRI ANTERO JAAKKOLA, observador internacional originario de Finlandia. Adem\u00e1s\u00a0 est\u00e1n activistas y periodistas desaparecidos y varias personas heridas.<\/p>\n<p>El Estado Mexicano tiene la obligaci\u00f3n jur\u00eddica de proteger a los defensores de derechos humanos, \u00a0sin embargo, defensores y defensoras de organizaciones civiles y sociales est\u00e1n en una situaci\u00f3n de vulnerabilidad debido a la violencia pol\u00edtica, a la criminalizaci\u00f3n de su labor y a la indiferencia estatal para la protecci\u00f3n de su vida e integridad f\u00edsica.<\/p>\n<p>Las Misiones Civiles de Observaci\u00f3n (MCO) se realizan con la finalidad de brindar protecci\u00f3n, registrar y documentar violaciones a los derechos humanos. Las MCO se integran con defensores nacionales e internacionales y el Estado est\u00e1 obligado a proporcionar las condiciones de seguridad con el fin de que \u00e9stas lleven a cabo sus funciones.<\/p>\n<p>Denunciamos al Gobierno del estado de Oaxaca, por su nula intervenci\u00f3n para garantizar la seguridad de los defensores de derechos humanos que iban en la caravana, as\u00ed como por su negligencia e impunidad en la aplicaci\u00f3n de la justicia ante la violencia hist\u00f3rica que vive la comunidad ind\u00edgena Triqui a manos de paramilitares.<\/p>\n<p>Las organizaciones abajo firmantes nos pronunciamos por lo siguiente:<\/p>\n<ol>\n<li>Una investigaci\u00f3n imparcial e informaci\u00f3n p\u00fablica sobre los hechos ocurridos en la emboscada en contra de observadores internacionales y nacionales.<\/li>\n<li>Garantizar la salida y atenci\u00f3n de los heridos, que a\u00fan se encuentran en el lugar de la emboscada, as\u00ed como la presentaci\u00f3n con vida de los activistas, defensores y periodistas desaparecidos: Mart\u00edn Sautan (B\u00e9lgica), David Venegas (Vocal \u2013 Oaxaca), No\u00e9 Bautista (Vocal \u2013 Oaxaca), Fernando Santiago (Brigadas ind\u00edgenas \u2013 Oaxaca), David Cilia (contral\u00ednea), Ericka Ram\u00edrez (Contral\u00ednea).<\/li>\n<li>Actuar de manera inmediata para atender de fondo la violencia que viven las comunidades Triquis. Respeto y garant\u00edas al proceso de di\u00e1logo interno.<\/li>\n<li>Desmantelamiento y castigo a los grupos paramilitares de UBISORT.<\/li>\n<li>La inmediata intervenci\u00f3n del gobierno federal para la investigaci\u00f3n de los hechos y la pronta reparaci\u00f3n del da\u00f1o conforme a los principios internacionales de derechos humanos.<\/li>\n<li>El Estado cumpla con los compromisos y obligaciones internacionales en materia de protecci\u00f3n de defensores de derechos humanos, establecidos en \u00a0la Declaraci\u00f3n sobre el derecho y el deber de los individuos, los grupos y las instituciones de promover y proteger los derechos humanos y las libertades fundamentales universalmente reconocidos. Proporcione la Seguridad a las Misiones Civiles de Observaci\u00f3n cuya funci\u00f3n es proteger los derechos humanos de las personas.<\/li>\n<\/ol>\n","protected":false},"excerpt":{"rendered":"<p>La Compa\u00f1era Bety Cari\u00f1o fue asesinada en el ataque perpetrado por un grupo de paramilitares de la Unidad para el Bienestar  Social de la regi\u00f3n Triqui (UBISORT), contra la caravana civil humanitaria que se dirig\u00eda a  brindar v\u00edveres y solidaridad al municipio aut\u00f3nomo de San Juan Copala en la regi\u00f3n Triqui.<br \/>\nElla particip\u00f3 durante el a\u00f1o 2009 en las 7 sesiones del diplomado sobre Transformaci\u00f3n Positiva de Conflictos que compartimos en Oaxaca. Conocimos su integridad, su trabajo por la justicia y su amor por el pueblo.<\/p>\n","protected":false},"author":1,"featured_media":0,"comment_status":"open","ping_status":"open","sticky":false,"template":"","format":"standard","meta":{"footnotes":""},"categories":[3,40,37],"tags":[],"class_list":["post-1023","post","type-post","status-publish","format-standard","hentry","category-boletines","category-guerra-en-mexico","category-mujeres"],"_links":{"self":[{"href":"https:\/\/coreco.org.mx\/wordpress\/wp-json\/wp\/v2\/posts\/1023","targetHints":{"allow":["GET"]}}],"collection":[{"href":"https:\/\/coreco.org.mx\/wordpress\/wp-json\/wp\/v2\/posts"}],"about":[{"href":"https:\/\/coreco.org.mx\/wordpress\/wp-json\/wp\/v2\/types\/post"}],"author":[{"embeddable":true,"href":"https:\/\/coreco.org.mx\/wordpress\/wp-json\/wp\/v2\/users\/1"}],"replies":[{"embeddable":true,"href":"https:\/\/coreco.org.mx\/wordpress\/wp-json\/wp\/v2\/comments?post=1023"}],"version-history":[{"count":5,"href":"https:\/\/coreco.org.mx\/wordpress\/wp-json\/wp\/v2\/posts\/1023\/revisions"}],"predecessor-version":[{"id":1027,"href":"https:\/\/coreco.org.mx\/wordpress\/wp-json\/wp\/v2\/posts\/1023\/revisions\/1027"}],"wp:attachment":[{"href":"https:\/\/coreco.org.mx\/wordpress\/wp-json\/wp\/v2\/media?parent=1023"}],"wp:term":[{"taxonomy":"category","embeddable":true,"href":"https:\/\/coreco.org.mx\/wordpress\/wp-json\/wp\/v2\/categories?post=1023"},{"taxonomy":"post_tag","embeddable":true,"href":"https:\/\/coreco.org.mx\/wordpress\/wp-json\/wp\/v2\/tags?post=1023"}],"curies":[{"name":"wp","href":"https:\/\/api.w.org\/{rel}","templated":true}]}}