{"id":1029,"date":"2010-05-04T13:02:30","date_gmt":"2010-05-04T18:02:30","guid":{"rendered":"http:\/\/coreco.org.mx\/wordpress\/?p=1029"},"modified":"2010-05-04T13:02:56","modified_gmt":"2010-05-04T18:02:56","slug":"red-por-la-paz-chiapas-condena-ataque-armado-contra-caravana-de-observacion-en-san-juan-copala","status":"publish","type":"post","link":"https:\/\/coreco.org.mx\/wordpress\/red-por-la-paz-chiapas-condena-ataque-armado-contra-caravana-de-observacion-en-san-juan-copala\/","title":{"rendered":"Red por la Paz Chiapas condena ataque armado contra caravana de observaci\u00f3n en San Juan Copal\u00e1"},"content":{"rendered":"<p><!-- \t\t@page { margin: 2cm } \t\tP { margin-bottom: 0.21cm } --><\/p>\n<p style=\"margin-bottom: 0cm;\" align=\"RIGHT\"><span style=\"font-family: Verdana,sans-serif;\"><span style=\"font-size: small;\">Chiapas, M\u00e9xico a 30 de abril de 2010<\/span><\/span><\/p>\n<p style=\"margin-bottom: 0cm;\" align=\"CENTER\"><span style=\"font-family: Verdana,sans-serif;\"><span style=\"font-size: small;\"><strong>Red por la Paz Chiapas condena ataque armado contra caravana de observaci\u00f3n en San Juan Copal\u00e1 (Oaxaca, M\u00e9xico)<\/strong><\/span><\/span><\/p>\n<p style=\"margin-bottom: 0cm;\" align=\"JUSTIFY\"><span style=\"font-family: Verdana,sans-serif;\"><span style=\"font-size: small;\">Las organizaciones civiles, que integramos la Red por la Paz Chiapas, condenamos en\u00e9rgicamente el ataque armado que sufrieron integrantes de la caravana humanitaria conformada por representantes de organizaciones de derechos humanos, periodistas y  observadores internacionales. La caravana se dirig\u00eda a la comunidad de San Juan Copal\u00e1 en la regi\u00f3n Triqui cuando fue emboscada y agredida con armas de fuego presuntamente por un grupo de la Unidad para el Bienestar Social de la regi\u00f3n Triqui (UBISORT), organizaci\u00f3n vinculada al Partido Revolucionario Institucional (PRI) y se\u00f1alada como teniendo corte paramilitar. El saldo de la agresi\u00f3n fue de dos muertos, BEATR\u00edZ ALBERTA CARI\u00d1O TRUJILLO, integrante del Centro de Apoyo Comunitario Trabajando Unidos A.C. (CACTUS) y JYRI ANTERO JAAKKOLA, observador internacional originario de Finlandia, as\u00ed como de varios heridos. <\/span><\/span><\/p>\n<p style=\"margin-bottom: 0cm;\" align=\"JUSTIFY\"><span style=\"font-size: small;\"><span style=\"font-family: Verdana,sans-serif;\"><span lang=\"es-ES\">E<\/span><\/span><span style=\"font-family: Verdana,sans-serif;\">sta agresi\u00f3n se dio en contra de una caravana humanitaria y pac\u00edfica de observaci\u00f3n, refrendando el riesgo que corren las y los defensores de derechos humanos, <\/span><span style=\"font-family: Verdana,sans-serif;\"><span lang=\"es-ES\">as\u00ed<\/span><\/span><span style=\"font-family: Verdana,sans-serif;\"> <\/span><span style=\"font-family: Verdana,sans-serif;\"><span lang=\"es-ES\">como <\/span><\/span><span style=\"font-family: Verdana,sans-serif;\">los periodistas en M\u00e9xico. <\/span><span style=\"font-family: Verdana,sans-serif;\"><span lang=\"es-ES\">V<\/span><\/span><span style=\"font-family: Verdana,sans-serif;\">emos con preocupaci\u00f3n la situaci\u00f3n de vulnerabilidad de las y los que trabajan a favor de la defensa y <\/span><span style=\"font-family: Verdana,sans-serif;\"><span lang=\"es-ES\">promoci\u00f3n<\/span><\/span><span style=\"font-family: Verdana,sans-serif;\"> de los derechos humanos frente a la cada vez m\u00e1s recurrente violencia pol\u00edtica, a la criminalizaci\u00f3n de su labor y a la indiferencia estatal para la protecci\u00f3n de su vida e integridad f\u00edsica.<\/span><\/span><\/p>\n<p style=\"margin-bottom: 0cm;\" align=\"JUSTIFY\"><span style=\"font-family: Verdana,sans-serif;\"><span style=\"font-size: small;\">De igual modo nos parece de particular gravedad que, frente a la muerte de Jyri Antero Jaakola de nacionalidad finlandesa durante la agresi\u00f3n, el gobierno del estado de Oaxaca est\u00e9 cuestionando la observaci\u00f3n internacional, mecanismo de intervenci\u00f3n civil de paz que ha resultado clave para detener la violencia en varios lugares y contextos.<\/span><\/span><\/p>\n<p style=\"margin-bottom: 0cm;\" align=\"JUSTIFY\"><span style=\"font-size: small;\"><span style=\"font-family: Verdana,sans-serif;\">El gobierno estatal se deslinda de toda responsabilidad en estos hechos de violencia. La impunidad en los numerosos asesinatos y hechos de violencia que se han registrado en la zona triqui han contribuido, <\/span><span style=\"font-family: Verdana,sans-serif;\"><span lang=\"es-ES\">m<\/span><\/span><span style=\"font-family: Verdana,sans-serif;\"><span lang=\"es-ES\">\u00ed<\/span><\/span><span style=\"font-family: Verdana,sans-serif;\"><span lang=\"es-ES\">nimamente<\/span><\/span><span style=\"font-family: Verdana,sans-serif;\"> por omisi<\/span><span style=\"font-family: Verdana,sans-serif;\">\u00f3<\/span><span style=\"font-family: Verdana,sans-serif;\">n, a crear la situaci\u00f3n <\/span><span style=\"font-family: Verdana,sans-serif;\"><span lang=\"es-ES\">de violencia<\/span><\/span><span style=\"font-family: Verdana,sans-serif;\"> en la regi<\/span><span style=\"font-family: Verdana,sans-serif;\">\u00f3<\/span><span style=\"font-family: Verdana,sans-serif;\">n. Finalmente, nos preocupa que, como se suele dar en Chiapas, la respuesta a este ataque se quede en una atenci<\/span><span style=\"font-family: Verdana,sans-serif;\">\u00f3<\/span><span style=\"font-family: Verdana,sans-serif;\">n limitada a restablecer un m<\/span><span style=\"font-family: Verdana,sans-serif;\">\u00ed<\/span><span style=\"font-family: Verdana,sans-serif;\">nimo de orden publico sin afrontar las causas de fondo detr\u00e1s  de la violencia que ha <\/span><span style=\"font-family: Verdana,sans-serif;\"><span lang=\"es-ES\">prevalecido<\/span><\/span><span style=\"font-family: Verdana,sans-serif;\"> en la zona Triqui. <\/span><\/span><\/p>\n<p style=\"margin-bottom: 0cm;\" align=\"JUSTIFY\"><span style=\"font-size: small;\"><span style=\"font-family: Verdana,sans-serif;\">Ante esta situaci\u00f3n,<\/span><span style=\"font-family: Verdana,sans-serif;\"><strong> las organizaciones que integramos la Red por la Paz Chiapas, exigimos:<\/strong><\/span><\/span><\/p>\n<ul>\n<li>\n<p style=\"margin-bottom: 0cm;\" align=\"JUSTIFY\"><span style=\"font-family: Verdana,sans-serif;\"><span style=\"font-size: small;\">Inmediata \tintervenci\u00f3n de la Procuradur\u00eda de Justicia del estado de Oaxaca y \tde la Procuradur\u00eda\u00a0General de la Rep\u00fablica para que realicen \tuna investigaci\u00f3n imparcial, frenen la violencia en el lugar, se \thaga justicia y se castiguen a los autores materiales e \tintelectuales de estos asesinatos.<\/span><\/span><\/p>\n<\/li>\n<li>\n<p style=\"margin-bottom: 0cm;\" align=\"JUSTIFY\"><span style=\"font-size: small;\"><span style=\"font-family: Verdana,sans-serif;\">Actuar \tde inmediato para atender de fondo la violencia que viven las \tcomunidades Triquis, poniendo especial \u00e9nfasis en el respeto y \tgarant\u00edas al proceso de di\u00e1logo interno. <\/span><\/span><\/p>\n<\/li>\n<li>\n<p style=\"margin-bottom: 0cm;\" lang=\"es-ES\" align=\"JUSTIFY\"><span style=\"font-family: Verdana,sans-serif;\"><span style=\"font-size: small;\">Que \tse investiguen y desmantelen los presuntos grupos paramilitares en \tla regi\u00f3n.<\/span><\/span><\/p>\n<\/li>\n<li>\n<p style=\"margin-bottom: 0cm;\" align=\"JUSTIFY\"><span style=\"font-size: small;\"><span style=\"font-family: Verdana,sans-serif;\">Asegurar \tcondiciones que permitan el restablecimiento de la seguridad para \ttoda la poblaci\u00f3n sin distinci\u00f3n, situaci\u00f3n que consideramos no \tse restablecer\u00eda por la simple militarizaci\u00f3n de la zona<\/span><\/span><\/p>\n<\/li>\n<li>\n<p style=\"margin-bottom: 0cm;\" align=\"JUSTIFY\"><span style=\"font-family: Verdana,sans-serif;\"><span style=\"font-size: small;\">Buscar \tsoluciones a las razones que dieron pie a la organizaci\u00f3n de esta \tcaravana (falta de acceso a servicios b\u00e1sicos de parte de la \tpoblaci\u00f3n)<\/span><\/span><\/p>\n<\/li>\n<\/ul>\n<p style=\"margin-bottom: 0cm;\" align=\"CENTER\"><span style=\"font-family: Verdana,sans-serif;\"><span style=\"font-size: small;\"><strong>Atentamente<\/strong><\/span><\/span><\/p>\n<p style=\"margin-bottom: 0cm;\" align=\"CENTER\"><span style=\"font-family: Verdana,sans-serif;\"><span style=\"font-size: small;\"><strong>Organizaciones integrantes de la Red por la Paz<\/strong><\/span><\/span><\/p>\n<p style=\"margin-bottom: 0cm;\" lang=\"es-ES\" align=\"CENTER\"><span style=\"font-family: Verdana,sans-serif;\"><span style=\"font-size: small;\"><strong>Educaci\u00f3n para la Paz (Edupaz), Centro de Investigaciones Econ\u00f3micas y Pol\u00edticas de Acci\u00f3n Comunitaria, A.C. (Ciepac), Desarrollo Econ\u00f3mico y Social de los Mexicanos Ind\u00edgenas, A.C. (Desmi), Servicio Internacional para la Paz (Sipaz), Comisi\u00f3n de Apoyo a la Unidad y Reconciliaci\u00f3n Comunitaria, A.C. (Coreco), Enlace, Comunicaci\u00f3n y Capacitaci\u00f3n A.C. (Enlace CC), Servicios y Asesor\u00eda para la Paz, A.C. (Serapaz), Centro de Derechos de la Mujer de Chiapas, A.C. (CDMCH), Centro de Derechos Ind\u00edgenas, A.C. (Cediac), Comit\u00e9 de Derechos Humanos Fray Pedro Lorenzo de la Nada, A.C., Centro de Derechos Humanos Fray Bartolom\u00e9 de las Casas, A.C. (Frayba)<\/strong><\/span><\/span><\/p>\n","protected":false},"excerpt":{"rendered":"<p>Las organizaciones civiles, que integramos la Red por la Paz Chiapas, condenamos en\u00e9rgicamente el ataque armado que sufrieron integrantes de la caravana humanitaria conformada por representantes de organizaciones de derechos humanos, periodistas y observadores internacionales. <\/p>\n","protected":false},"author":1,"featured_media":0,"comment_status":"open","ping_status":"open","sticky":false,"template":"","format":"standard","meta":{"footnotes":""},"categories":[3,40,46],"tags":[],"class_list":["post-1029","post","type-post","status-publish","format-standard","hentry","category-boletines","category-guerra-en-mexico","category-red-por-la-paz"],"_links":{"self":[{"href":"https:\/\/coreco.org.mx\/wordpress\/wp-json\/wp\/v2\/posts\/1029","targetHints":{"allow":["GET"]}}],"collection":[{"href":"https:\/\/coreco.org.mx\/wordpress\/wp-json\/wp\/v2\/posts"}],"about":[{"href":"https:\/\/coreco.org.mx\/wordpress\/wp-json\/wp\/v2\/types\/post"}],"author":[{"embeddable":true,"href":"https:\/\/coreco.org.mx\/wordpress\/wp-json\/wp\/v2\/users\/1"}],"replies":[{"embeddable":true,"href":"https:\/\/coreco.org.mx\/wordpress\/wp-json\/wp\/v2\/comments?post=1029"}],"version-history":[{"count":2,"href":"https:\/\/coreco.org.mx\/wordpress\/wp-json\/wp\/v2\/posts\/1029\/revisions"}],"predecessor-version":[{"id":1031,"href":"https:\/\/coreco.org.mx\/wordpress\/wp-json\/wp\/v2\/posts\/1029\/revisions\/1031"}],"wp:attachment":[{"href":"https:\/\/coreco.org.mx\/wordpress\/wp-json\/wp\/v2\/media?parent=1029"}],"wp:term":[{"taxonomy":"category","embeddable":true,"href":"https:\/\/coreco.org.mx\/wordpress\/wp-json\/wp\/v2\/categories?post=1029"},{"taxonomy":"post_tag","embeddable":true,"href":"https:\/\/coreco.org.mx\/wordpress\/wp-json\/wp\/v2\/tags?post=1029"}],"curies":[{"name":"wp","href":"https:\/\/api.w.org\/{rel}","templated":true}]}}