{"id":1055,"date":"2010-06-08T00:35:56","date_gmt":"2010-06-08T05:35:56","guid":{"rendered":"http:\/\/coreco.org.mx\/wordpress\/?p=1055"},"modified":"2010-06-08T00:35:56","modified_gmt":"2010-06-08T05:35:56","slug":"exigimos-garantias-de-seguridad-para-la-caravana-a-san-juan-copala","status":"publish","type":"post","link":"https:\/\/coreco.org.mx\/wordpress\/exigimos-garantias-de-seguridad-para-la-caravana-a-san-juan-copala\/","title":{"rendered":"Exigimos garant\u00edas de seguridad para la Caravana a San Juan Copala"},"content":{"rendered":"<p><!-- \t\t@page { margin: 2cm } \t\tP { margin-bottom: 0.21cm } --><\/p>\n<p style=\"margin-bottom: 0cm;\" lang=\"es-ES\" align=\"RIGHT\"><span style=\"font-family: Arial,sans-serif;\"><span style=\"font-size: medium;\">San Crist\u00f3bal de Las Casas, Chiapas<\/span><\/span><\/p>\n<p style=\"margin-bottom: 0cm;\" lang=\"es-ES\" align=\"RIGHT\"><span style=\"font-family: Arial,sans-serif;\"><span style=\"font-size: medium;\">7 de junio del 2010<\/span><\/span><\/p>\n<p style=\"margin-bottom: 0cm;\" lang=\"es-ES\" align=\"RIGHT\"><span style=\"font-family: Arial,sans-serif;\"><span style=\"font-size: medium;\">Pronunciamiento<\/span><\/span><\/p>\n<p style=\"margin-bottom: 0cm;\" lang=\"es-ES\" align=\"RIGHT\"><span style=\"font-family: Arial,sans-serif;\"><span style=\"font-size: medium;\">Red por la Paz<\/span><\/span><\/p>\n<p style=\"margin-bottom: 0cm;\" lang=\"es-ES\" align=\"RIGHT\">\n<p style=\"margin-bottom: 0cm;\" lang=\"es-ES\" align=\"JUSTIFY\">\n<ul>\n<li>\n<p style=\"margin-bottom: 0cm;\" align=\"CENTER\"><span style=\"font-size: medium;\"><span style=\"font-family: Arial,sans-serif;\"><span lang=\"es-ES\"><strong>Exigimos <\/strong><\/span><\/span><span style=\"font-family: Arial,sans-serif;\"><strong>garant\u00edas<\/strong><\/span><span style=\"font-family: Arial,sans-serif;\"><span lang=\"es-ES\"><strong> de seguridad para la Caravana a San Juan Copala<\/strong><\/span><\/span><\/span><\/p>\n<\/li>\n<li>\n<p style=\"margin-bottom: 0cm;\" align=\"CENTER\"><span style=\"font-size: medium;\"><span style=\"font-family: Arial,sans-serif;\"><span lang=\"es-ES\"><strong>Solidarios \tde Chiapas se suman a la <\/strong><\/span><\/span><span style=\"font-family: Arial,sans-serif;\"><strong>Caravana<\/strong><\/span><span style=\"font-family: Arial,sans-serif;\"><span lang=\"es-ES\"><strong> a San Juan Copala.<\/strong><\/span><\/span><\/span><\/p>\n<\/li>\n<\/ul>\n<p style=\"margin-bottom: 0cm;\" lang=\"es-ES\" align=\"CENTER\">\n<p style=\"margin-bottom: 0cm;\" align=\"JUSTIFY\"><span style=\"font-size: medium;\"><span style=\"font-family: Arial,sans-serif;\"><span lang=\"es-ES\"><strong>La Red por la Paz<\/strong><\/span><\/span><span style=\"font-family: Arial,sans-serif;\"><span lang=\"es-ES\">, conformada por organizaciones civiles y de derechos humanos del estado de Chiapas, exige a <\/span><\/span><span style=\"font-family: Arial,sans-serif;\"><span lang=\"es-ES\"><strong>Felipe <\/strong><\/span><\/span><span style=\"font-family: Arial,sans-serif;\"><strong>Calder\u00f3n<\/strong><\/span><span style=\"font-family: Arial,sans-serif;\"><span lang=\"es-ES\">, presidente <\/span><\/span><span style=\"font-family: Arial,sans-serif;\">constitucional<\/span><span style=\"font-family: Arial,sans-serif;\"><span lang=\"es-ES\"> y a <\/span><\/span><span style=\"font-family: Arial,sans-serif;\"><span lang=\"es-ES\"><strong>Ulises Ru\u00edz Ortiz<\/strong><\/span><\/span><span style=\"font-family: Arial,sans-serif;\"><span lang=\"es-ES\">, gobernador <\/span><\/span><span style=\"font-family: Arial,sans-serif;\">constitucional<\/span><span style=\"font-family: Arial,sans-serif;\"><span lang=\"es-ES\"> del estado de Oaxaca, garant\u00edas para las defensoras y defensores de derechos humanos,  observadores y la poblaci\u00f3n de la comunidad de San Juan Copala.<\/span><\/span><\/span><\/p>\n<p style=\"margin-bottom: 0cm;\" lang=\"es-ES\" align=\"JUSTIFY\">\n<p style=\"margin-bottom: 0cm;\" align=\"JUSTIFY\"><span style=\"font-family: Arial,sans-serif;\"><span style=\"font-size: medium;\">N<\/span><\/span><span style=\"font-family: Arial,sans-serif;\"><span style=\"font-size: medium;\"><span lang=\"es-ES\">os preocupa de forma alarmante la <\/span><\/span><\/span><span style=\"font-family: Arial,sans-serif;\"><span style=\"font-size: medium;\">situaci\u00f3n<\/span><\/span><span style=\"font-family: Arial,sans-serif;\"><span style=\"font-size: medium;\"><span lang=\"es-ES\"> de San Juan Copala por los hechos violentos ocurridos el pasado <\/span><\/span><\/span><strong><span style=\"font-family: Arial,sans-serif;\"><span style=\"font-size: medium;\"><span lang=\"es-ES\">27 de abril<\/span><\/span><\/span><\/strong><span style=\"font-family: Arial,sans-serif;\"><span style=\"font-size: medium;\"><span lang=\"es-ES\">, en la que fueron <\/span><\/span><\/span><strong><span style=\"font-family: Arial,sans-serif;\"><span style=\"font-size: medium;\"><span lang=\"es-ES\">emboscados en el paraje conocido como La Sabana por el grupo UBISORT<\/span><\/span><\/span><\/strong><span style=\"font-family: Arial,sans-serif;\"><span style=\"font-size: medium;\"><span lang=\"es-ES\"> (Uni\u00f3n de Bienestar Social de la Regi\u00f3n Triqui), los integrantes de la <\/span><\/span><\/span><strong><span style=\"font-family: Arial,sans-serif;\"><span style=\"font-size: medium;\"><span lang=\"es-ES\"><span style=\"font-weight: normal;\">Caravana<\/span><\/span><\/span><\/span><\/strong><strong><span style=\"font-family: Arial,sans-serif;\"><span style=\"font-size: medium;\"><span lang=\"es-ES\"> <\/span><\/span><\/span><\/strong><span style=\"font-family: Arial,sans-serif;\"><span style=\"font-size: medium;\"><span lang=\"es-ES\"> conformada por defensores y defensoras nacionales e internacionales, as\u00ed como periodistas, que se dirig\u00ed<\/span><\/span><\/span><span style=\"font-family: Arial,sans-serif;\"><span style=\"font-size: medium;\">an<\/span><\/span><span style=\"font-family: Arial,sans-serif;\"><span style=\"font-size: medium;\"><span lang=\"es-ES\"> a la zona del municipio aut\u00f3nomo <\/span><\/span><\/span><span style=\"font-family: Arial,sans-serif;\"><span style=\"font-size: medium;\">de San Juan Copala<\/span><\/span><span style=\"font-family: Arial,sans-serif;\"><span style=\"font-size: medium;\"><span lang=\"es-ES\">.<\/span><\/span><\/span><\/p>\n<p style=\"margin-bottom: 0cm;\" lang=\"es-ES\" align=\"JUSTIFY\">\n<p align=\"JUSTIFY\"><strong><span style=\"font-family: Arial,sans-serif;\"><span style=\"font-size: medium;\"><span lang=\"es-ES\">En la <\/span><\/span><\/span><\/strong><strong><span style=\"font-family: Arial,sans-serif;\"><span style=\"font-size: medium;\">R<\/span><\/span><\/strong><strong><span style=\"font-family: Arial,sans-serif;\"><span style=\"font-size: medium;\"><span lang=\"es-ES\">ed <\/span><\/span><\/span><\/strong><strong><span style=\"font-family: Arial,sans-serif;\"><span style=\"font-size: medium;\">por la<\/span><\/span><\/strong><strong><span style=\"font-family: Arial,sans-serif;\"><span style=\"font-size: medium;\"><span lang=\"es-ES\"> <\/span><\/span><\/span><\/strong><strong><span style=\"font-family: Arial,sans-serif;\"><span style=\"font-size: medium;\">P<\/span><\/span><\/strong><strong><span style=\"font-family: Arial,sans-serif;\"><span style=\"font-size: medium;\"><span lang=\"es-ES\">az <\/span><\/span><\/span><\/strong><strong><span style=\"font-family: Arial,sans-serif;\"><span style=\"font-size: medium;\"><span lang=\"es-ES\"><span style=\"font-weight: normal;\">tenemos conocimiento de que el d\u00eda 8 de junio, una<\/span><\/span><\/span><\/span><\/strong><span style=\"font-family: Arial,sans-serif;\"><span style=\"font-size: medium;\"><span lang=\"es-ES\"> nueva Caravana  llevar\u00e1 <\/span><\/span><\/span><strong><span style=\"font-family: Arial,sans-serif;\"><span style=\"font-size: medium;\"><span lang=\"es-ES\"><span style=\"font-weight: normal;\">v\u00edveres y art\u00edculos de primera necesidad<\/span><\/span><\/span><\/span><\/strong><span style=\"font-family: Arial,sans-serif;\"><span style=\"font-size: medium;\"><span lang=\"es-ES\"> a la poblaci\u00f3n que ha sido aislada, que no ha recibido atenci\u00f3n y carece de servicios b\u00e1sicos por parte de las autoridades locales. As\u00ed tambi\u00e9n sabemos que un <\/span><\/span><\/span><span style=\"font-family: Arial,sans-serif;\"><span style=\"font-size: medium;\"><span lang=\"es-ES\"><strong>grupo<\/strong><\/span><\/span><\/span><span style=\"font-family: Arial,sans-serif;\"><span style=\"font-size: medium;\"><span lang=\"es-ES\"> <\/span><\/span><\/span><span style=\"font-family: Arial,sans-serif;\"><span style=\"font-size: medium;\"><span lang=\"es-ES\"><strong>solidario de Chiapas<\/strong><\/span><\/span><\/span><span style=\"font-family: Arial,sans-serif;\"><span style=\"font-size: medium;\"><span lang=\"es-ES\"> se sumar\u00e1 a la Caravana a San Juan Copala. <\/span><\/span><\/span><\/p>\n<p align=\"JUSTIFY\"><span style=\"font-size: medium;\"><span style=\"font-family: Arial,sans-serif;\"><span lang=\"es-ES\">Las organizaciones que conformamos la <\/span><\/span><span style=\"font-family: Arial,sans-serif;\"><span lang=\"es-ES\">Red<\/span><\/span><span style=\"font-family: Arial,sans-serif;\"><span lang=\"es-ES\"> <\/span><\/span><span style=\"font-family: Arial,sans-serif;\"><span lang=\"es-ES\"><strong>hacemos un llamado<\/strong><\/span><\/span><span style=\"font-family: Arial,sans-serif;\"><span lang=\"es-ES\"> a las autoridades estatales y federales de garantizar la protecci\u00f3n de los integrantes de esta Caravana, as\u00ed como de los hombres, mujeres y ni\u00f1os de la zona triqui de Oaxaca.<\/span><\/span><\/span><\/p>\n<p style=\"margin-bottom: 0cm;\" align=\"JUSTIFY\"><span style=\"font-size: medium;\"><span style=\"font-family: Arial,sans-serif;\">Es importante recalcar que la Corte Interamericana de Derechos Humanos (CIDH) ha destacado la labor de las defensoras y defensores de derechos humanos indicando que <\/span><span style=\"font-family: Arial,sans-serif;\"><em><strong>\u201c<\/strong><\/em><\/span><span style=\"font-family: Arial,sans-serif;\"><em><strong>el respeto por los derechos humanos en un Estado democr\u00e1tico depende en gran parte de las garant\u00edas efectivas y adecuadas de que gocen los defensores de los derechos humanos para desplegar libremente sus actividades y que es conveniente prestar especial atenci\u00f3n a las acciones que limiten u obstaculicen el trabajo de los defensores de derechos humanos<\/strong><\/em><\/span><span style=\"font-family: Arial,sans-serif;\"><em><strong>\u201d.<\/strong><\/em><\/span><\/span><\/p>\n<p style=\"margin-bottom: 0cm;\" align=\"JUSTIFY\">\n<p style=\"margin-bottom: 0cm;\" lang=\"es-ES\" align=\"CENTER\"><span style=\"font-family: Arial,sans-serif;\"><span style=\"font-size: medium;\"><strong>Organizaciones integrantes de la Red por la Paz<\/strong><\/span><\/span><\/p>\n<p style=\"margin-bottom: 0cm;\" align=\"CENTER\">\n<p style=\"margin-bottom: 0cm;\" align=\"CENTER\"><span style=\"font-family: Arial,sans-serif;\"><span style=\"font-size: medium;\"><strong>Educaci\u00f3n para la Paz (Edupaz)<\/strong><\/span><\/span><\/p>\n<p style=\"margin-bottom: 0cm;\" align=\"CENTER\"><span style=\"font-family: Arial,sans-serif;\"><span style=\"font-size: medium;\"><strong>Centro de Investigaciones Econ\u00f3micas y Pol\u00edticas de Acci\u00f3n Comunitaria, A.C.<\/strong><\/span><\/span><\/p>\n<p style=\"margin-bottom: 0cm;\" align=\"CENTER\"><span style=\"font-family: Arial,sans-serif;\"><span style=\"font-size: medium;\"><strong>(Ciepac)<\/strong><\/span><\/span><\/p>\n<p style=\"margin-bottom: 0cm;\" align=\"CENTER\"><span style=\"font-family: Arial,sans-serif;\"><span style=\"font-size: medium;\"><strong>Desarrollo Econ\u00f3mico y Social de los Mexicanos Ind\u00edgenas, A.C. (Desmi)<\/strong><\/span><\/span><\/p>\n<p style=\"margin-bottom: 0cm;\" align=\"CENTER\"><span style=\"font-family: Arial,sans-serif;\"><span style=\"font-size: medium;\"><strong>Servicio Internacional para la Paz (Sipaz)<\/strong><\/span><\/span><\/p>\n<p style=\"margin-bottom: 0cm;\" align=\"CENTER\"><span style=\"font-family: Arial,sans-serif;\"><span style=\"font-size: medium;\"><strong>Comisi\u00f3n de Apoyo a la Unidad y Reconciliaci\u00f3n Comunitaria, A.C. (Coreco)<\/strong><\/span><\/span><\/p>\n<p style=\"margin-bottom: 0cm;\" align=\"CENTER\"><span style=\"font-family: Arial,sans-serif;\"><span style=\"font-size: medium;\"><strong>Enlace, Comunicaci\u00f3n y Capacitaci\u00f3n A.C. (Enlace CC)<\/strong><\/span><\/span><\/p>\n<p style=\"margin-bottom: 0cm;\" align=\"CENTER\"><span style=\"font-family: Arial,sans-serif;\"><span style=\"font-size: medium;\"><strong>Servicios y Asesor\u00eda para la Paz, A.C. (Serapaz)<\/strong><\/span><\/span><\/p>\n<p style=\"margin-bottom: 0cm;\" align=\"CENTER\"><span style=\"font-family: Arial,sans-serif;\"><span style=\"font-size: medium;\"><strong>Centro de Derechos de la Mujer de Chiapas, A.C. (CDMCH)<\/strong><\/span><\/span><\/p>\n<p style=\"margin-bottom: 0cm;\" align=\"CENTER\"><span style=\"font-family: Arial,sans-serif;\"><span style=\"font-size: medium;\"><strong>Centro de Derechos Ind\u00edgenas, A.C. (Cediac)<\/strong><\/span><\/span><\/p>\n<p style=\"margin-bottom: 0cm;\" align=\"CENTER\"><span style=\"font-family: Arial,sans-serif;\"><span style=\"font-size: medium;\"><strong>Comit\u00e9 de Derechos Humanos Fray Pedro Lorenzo de la Nada, A.C.<\/strong><\/span><\/span><\/p>\n<p style=\"margin-bottom: 0cm;\" align=\"CENTER\"><span style=\"font-family: Arial,sans-serif;\"><span style=\"font-size: medium;\"><strong>Centro de Derechos Humanos Fray Bartolom\u00e9 de las Casas, A.C. (Frayba)<\/strong><\/span><\/span><\/p>\n<p style=\"margin-bottom: 0cm;\" align=\"CENTER\">\n","protected":false},"excerpt":{"rendered":"<p>Exigimos garant\u00edas de seguridad para la Caravana a San Juan Copala<br \/>\nSolidarios de Chiapas se suman a la Caravana a San Juan Copala.<br \/>\nLa Red por la Paz, conformada por organizaciones civiles y de derechos humanos del estado de Chiapas, exige a Felipe Calder\u00f3n, presidente constitucional y a Ulises Ru\u00edz Ortiz, gobernador constitucional del estado de Oaxaca, garant\u00edas para las defensoras y defensores de derechos humanos, observadores y la poblaci\u00f3n de la comunidad de San Juan Copala.<\/p>\n","protected":false},"author":1,"featured_media":0,"comment_status":"open","ping_status":"open","sticky":false,"template":"","format":"standard","meta":{"footnotes":""},"categories":[3,40,41,46],"tags":[],"class_list":["post-1055","post","type-post","status-publish","format-standard","hentry","category-boletines","category-guerra-en-mexico","category-impunidad","category-red-por-la-paz"],"_links":{"self":[{"href":"https:\/\/coreco.org.mx\/wordpress\/wp-json\/wp\/v2\/posts\/1055","targetHints":{"allow":["GET"]}}],"collection":[{"href":"https:\/\/coreco.org.mx\/wordpress\/wp-json\/wp\/v2\/posts"}],"about":[{"href":"https:\/\/coreco.org.mx\/wordpress\/wp-json\/wp\/v2\/types\/post"}],"author":[{"embeddable":true,"href":"https:\/\/coreco.org.mx\/wordpress\/wp-json\/wp\/v2\/users\/1"}],"replies":[{"embeddable":true,"href":"https:\/\/coreco.org.mx\/wordpress\/wp-json\/wp\/v2\/comments?post=1055"}],"version-history":[{"count":4,"href":"https:\/\/coreco.org.mx\/wordpress\/wp-json\/wp\/v2\/posts\/1055\/revisions"}],"predecessor-version":[{"id":1059,"href":"https:\/\/coreco.org.mx\/wordpress\/wp-json\/wp\/v2\/posts\/1055\/revisions\/1059"}],"wp:attachment":[{"href":"https:\/\/coreco.org.mx\/wordpress\/wp-json\/wp\/v2\/media?parent=1055"}],"wp:term":[{"taxonomy":"category","embeddable":true,"href":"https:\/\/coreco.org.mx\/wordpress\/wp-json\/wp\/v2\/categories?post=1055"},{"taxonomy":"post_tag","embeddable":true,"href":"https:\/\/coreco.org.mx\/wordpress\/wp-json\/wp\/v2\/tags?post=1055"}],"curies":[{"name":"wp","href":"https:\/\/api.w.org\/{rel}","templated":true}]}}