{"id":1060,"date":"2010-06-10T08:16:45","date_gmt":"2010-06-10T13:16:45","guid":{"rendered":"http:\/\/coreco.org.mx\/wordpress\/?p=1060"},"modified":"2020-03-11T14:25:08","modified_gmt":"2020-03-11T20:25:08","slug":"reportaje-sobre-lo-que-ocurrio-en-copala-el-8-de-junio-2010","status":"publish","type":"post","link":"https:\/\/coreco.org.mx\/wordpress\/reportaje-sobre-lo-que-ocurrio-en-copala-el-8-de-junio-2010\/","title":{"rendered":"Reportaje sobre lo que ocurri\u00f3 en Copala el 8 de junio 2010"},"content":{"rendered":"<h3>Reportaje radiofonico sobre lo que ocurri\u00f3 en Copala el 8 de junio 2010<br \/>\ncon audios de Frecuencia Libre<br \/>\n<object width=\"290\" height=\"24\" classid=\"clsid:d27cdb6e-ae6d-11cf-96b8-444553540000\" codebase=\"http:\/\/download.macromedia.com\/pub\/shockwave\/cabs\/flash\/swflash.cab#version=6,0,40,0\"><embed type=\"application\/x-shockwave-flash\" width=\"290\" height=\"24\" \/><\/object><\/h3>\n<h2><a href=\"http:\/\/www.masvoces.org\/Mexico-caravana-que-llevaba-ayuda\" target=\"_blank\" rel=\"noopener noreferrer\">Nota de Mas Voces<\/a><\/h2>\n<p><!-- @page { margin: 2cm } P { margin-bottom: 0.21cm } A:link { so-language: zxx } --><\/p>\n<p><span style=\"font-size: medium;\">El pueblo mexicano de San Juan Copala, en el estado de Oaxaca, lleva seis meses bloqueado por un grupo paramilitar af\u00edn a las pol\u00edticas del gobernador del estado, Ulises Ruiz. Los paramilitares llamados UBISORT bloquean los caminos no permitiendo la entrada y salida de la poblaci\u00f3n. El municipio aut\u00f3nomo se encuentra sin luz el\u00e9ctrica, sin agua potable, sin atenci\u00f3n medica, y los ni\u00f1os tampoco acuden a clases pues no hay maestros; a esto se agrega que diariamente los paramilitares disparan contra San Juan Copala, d\u00eda y noche, lo que ha provocado tan solo de noviembre a finales de mayo, al menos 21 asesinatos.<\/span><\/p>\n<p><span style=\"font-size: medium;\">El brutal ataque a la caravana humanitaria del pasado 27 de abril en que Bety Cari\u00f1o y Jyri Jaakkola, observadores de Derechos Humanos fueron asesinados continua impune, mientras la situaci\u00f3n en San Juan Copala empeora; Timoteo Alejandro Ram\u00edrez l\u00edder natural del Municipio Aut\u00f3nomo y su esposa Cleriberta Castro fueron asesinados el 20 de mayo, significando estas brutales acciones, no solamente una represi\u00f3n directa contra Copala, sino un mensaje del mal gobierno y sus intereses, contra todos aquellos pueblos de Oaxaca y M\u00e9xico que est\u00e1n luchando por su autogobierno y defendiendo sus formas de organizaci\u00f3n y existencia.<\/span><\/p>\n<p><span style=\"font-size: medium;\">Este martes se ha producido otro intento de romper el cerco a San Juan Copala por parte de otra caravana humanitaria formada por alrededor de 600 personas, que intent\u00f3 llevar alimentos y medicinas al poblado. La caravana, bajo el nombre de Bety Cari\u00f1o y Jyri Jaakola en homenaje a los dos activistas asesinados en abril, avanz\u00f3 hasta muy cerca de San Juan Copala. Sin embargo, una comisi\u00f3n de avanzada evalu\u00f3 que no hab\u00eda condiciones para entrar hasta San Juan debido al cerco paramilitar que fue reforzado con un cerco policial estatal y federal, decidiendo adem\u00e1s no arriesgar m\u00e1s vidas de las que ya han ca\u00eddo en la regi\u00f3n.<\/span><\/p>\n<p><span style=\"font-size: medium;\">Tras ello volvieron a Huajuapan de Le\u00f3n, donde dieron una conferencia de prensa y anunciaron una serie de medidas y acciones que tomar\u00e1n para romper el cerco.<\/span><\/p>\n<p><span style=\"font-size: medium;\">Las radios libres y comunitarias mexicanas se organizaron para dar cobertura en directo a la caravana. Gracias al aporte de estas emisoras y, en particular a <a href=\"http:\/\/frecuencialibre991.blogspot.com\/\" target=\"_blank\" rel=\"noopener noreferrer\">Frecuencia Libre<\/a>, radio ciudadana e independiente de San Crist\u00f3bal de las Casas, en Chiapas, tenemos los sonidos y an\u00e1lisis de la jornada.<\/span><\/p>\n<p style=\"margin-bottom: 0cm;\">\n","protected":false},"excerpt":{"rendered":"<p>Las radios libres y comunitarias mexicanas se organizaron para dar cobertura en directo a la caravana humanitaria Bety Cari\u00f1o y Jyri Jaakola. Gracias al aporte de estas emisoras y, en particular a Frecuencia Libre, radio ciudadana e independiente de San Crist\u00f3bal de las Casas, en Chiapas, tenemos los sonidos y an\u00e1lisis de la jornada.<\/p>\n","protected":false},"author":1,"featured_media":0,"comment_status":"open","ping_status":"open","sticky":false,"template":"","format":"standard","meta":{"footnotes":""},"categories":[42,3,40,41],"tags":[],"class_list":["post-1060","post","type-post","status-publish","format-standard","hentry","category-audios","category-boletines","category-guerra-en-mexico","category-impunidad"],"_links":{"self":[{"href":"https:\/\/coreco.org.mx\/wordpress\/wp-json\/wp\/v2\/posts\/1060","targetHints":{"allow":["GET"]}}],"collection":[{"href":"https:\/\/coreco.org.mx\/wordpress\/wp-json\/wp\/v2\/posts"}],"about":[{"href":"https:\/\/coreco.org.mx\/wordpress\/wp-json\/wp\/v2\/types\/post"}],"author":[{"embeddable":true,"href":"https:\/\/coreco.org.mx\/wordpress\/wp-json\/wp\/v2\/users\/1"}],"replies":[{"embeddable":true,"href":"https:\/\/coreco.org.mx\/wordpress\/wp-json\/wp\/v2\/comments?post=1060"}],"version-history":[{"count":7,"href":"https:\/\/coreco.org.mx\/wordpress\/wp-json\/wp\/v2\/posts\/1060\/revisions"}],"predecessor-version":[{"id":2152,"href":"https:\/\/coreco.org.mx\/wordpress\/wp-json\/wp\/v2\/posts\/1060\/revisions\/2152"}],"wp:attachment":[{"href":"https:\/\/coreco.org.mx\/wordpress\/wp-json\/wp\/v2\/media?parent=1060"}],"wp:term":[{"taxonomy":"category","embeddable":true,"href":"https:\/\/coreco.org.mx\/wordpress\/wp-json\/wp\/v2\/categories?post=1060"},{"taxonomy":"post_tag","embeddable":true,"href":"https:\/\/coreco.org.mx\/wordpress\/wp-json\/wp\/v2\/tags?post=1060"}],"curies":[{"name":"wp","href":"https:\/\/api.w.org\/{rel}","templated":true}]}}