{"id":1066,"date":"2010-06-30T15:06:56","date_gmt":"2010-06-30T20:06:56","guid":{"rendered":"http:\/\/coreco.org.mx\/wordpress\/?p=1066"},"modified":"2010-06-30T15:26:55","modified_gmt":"2010-06-30T20:26:55","slug":"hoy-la-suprema-corte-de-justicia-de-la-nacion-decidio-liberar-a-los-12-presos-de-atenco","status":"publish","type":"post","link":"https:\/\/coreco.org.mx\/wordpress\/hoy-la-suprema-corte-de-justicia-de-la-nacion-decidio-liberar-a-los-12-presos-de-atenco\/","title":{"rendered":"Hoy la Suprema Corte de Justicia de la Naci\u00f3n decidi\u00f3 liberar a los 12 presos de Atenco"},"content":{"rendered":"<p><!-- \t\t@page { margin: 2cm } \t\tP { margin-bottom: 0.21cm } \t\tH1 { margin-bottom: 0.21cm } \t\tH1.western { font-family: \"Times New Roman\", serif } \t\tH1.cjk { font-family: \"Norasi\" } \t\tH1.ctl { font-family: \"Lohit Hindi\" } --><\/p>\n<p><!-- \t\t@page { margin: 2cm } \t\tP { margin-bottom: 0.21cm } \t\tH2 { margin-bottom: 0.21cm } \t\tH2.ctl { font-family: \"Lohit Hindi\" } --><!-- \t\t@page { margin: 2cm } \t\tP { margin-bottom: 0.21cm } \t\tH2 { margin-bottom: 0.21cm } \t\tH2.ctl { font-family: \"Lohit Hindi\" } --> <!-- \t\t@page { margin: 2cm } \t\tP { margin-bottom: 0.21cm } \t\tH1 { margin-bottom: 0.21cm } \t\tH1.western { font-family: \"Times New Roman\", serif } \t\tH1.cjk { font-family: \"Norasi\" } \t\tH1.ctl { font-family: \"Lohit Hindi\" } --><\/p>\n<h1 style=\"font-weight: normal; text-decoration: none; page-break-after: avoid;\"><a href=\"http:\/\/atencofpdt.blogspot.com\/\" target=\"_blank\"><span style=\"color: #800000;\"><span style=\"font-family: Verdana,sans-serif;\"><span style=\"font-size: x-large;\">Libertad y Justicia para Atenco<\/span><\/span><\/span><\/a><\/h1>\n<h2 style=\"font-weight: normal; text-decoration: none; page-break-after: avoid;\"><span style=\"color: #800000;\"><span style=\"font-family: Verdana,sans-serif;\"><span style=\"font-size: small;\">Como miembros de la campa\u00f1a Libertad y Justicia para Atenco, nos alegra\u00a0 la declaraci\u00f3n de libertad para los 12 presos injustamente encarcelados. resultado no s\u00f3lo de una acci\u00f3n de justicia sino de la larga y tenaz lucha de familiares, amigos, solidarios nacionales e internacionales, intelectuales, organizaciones sociales y civiles, pero sobre todo del Frente de Pueblos en Defensa de la Tierra.<\/span><\/span><\/span><\/h2>\n<p><a href=\"http:\/\/cencos.org\/es\/node\/24069\" target=\"_blank\"><strong>M\u00e9xico D.F., 30 de junio de 2010 (Cencos)<\/strong>.-<\/a> Los 12 presos pol\u00edticos de San Salvador Atenco saldr\u00e1n en libertad en  las pr\u00f3ximas horas luego de que la Suprema Corte de Justicia de la  Naci\u00f3n decidiera resolver favorablemente los amparos tanto de los 9  presos en Molino de Flores como los 3\u00a0 internos en el penal federal de  El Altiplano.<\/p>\n<p>En una sesi\u00f3n de hora y media de duraci\u00f3n, los 5  ministros votaron por unanimidad la libertad \u201clisa y llana\u201d de los  presos pol\u00edticos en el Molino de Flores, mientras que la libertad,  tambi\u00e9n \u00ablisa y llana\u00bb, de los l\u00edderes del Frente de Pueblos en Defensa  de la Tierra, Ignacio del Valle y Felipe \u00c1lvarez, se obtuvo por la  mayor\u00eda de votos al igual que la del abogado H\u00e9ctor Galindo Gochicoa.<\/p>\n<p>Los argumentos esgrimidos para definir la libertad son complementarios a  la doctrina sobre el alcance del principio de presunci\u00f3n de inocencia y  las garant\u00edas del debido proceso que la Corte ya ven\u00eda construyendo con  los casos de Acteal y de las ind\u00edgenas nah\u00f1u Teresa y Alberta, y que en  un principio fue factor fundamental para que decidieran atraer los  amparos directos.<\/p>\n<p>En cuanto los funcionarios de los penales sean notificados sobre la  decisi\u00f3n de la Corte, saldr\u00e1n libres:<\/p>\n<p><!-- \t\t@page { margin: 2cm } \t\tP { margin-bottom: 0.21cm } \t\tH3 { margin-bottom: 0.21cm } \t\tH3.ctl { font-family: \"Lohit Hindi\" } --><\/p>\n<h3><span style=\"color: #800000;\"><span style=\"text-decoration: none;\">Ignacio del Valle Medin, Felipe \u00c1lvarez Hern\u00e1ndez, H\u00e9ctor Galindo Gochico, Edgar Eduardo Morales, Narciso Arellano Hern\u00e1ndez, Julio C\u00e9sar Espinosa Ramos, Alejandro Pil\u00f3n Zarate, Juan Carlos Estrada Cruces, Oscar Hern\u00e1ndez Pacheco, In\u00e9s Rodolfo Cuellar Rivera, Rom\u00e1n Ad\u00e1n Ord\u00f3\u00f1ez Romero, Jorge Alberto Ord\u00f3\u00f1ez Romero<\/span><\/span><\/h3>\n<p>http:\/\/www.jornada.unam.mx\/ultimas\/2010\/06\/30\/libera-scjn-a-los-12-presos-de-san-salvador-atenco<\/p>\n<p><a href=\"http:\/\/atencofpdt.blogspot.com\/\"><img loading=\"lazy\" decoding=\"async\" class=\"alignnone\" title=\"Libertad y justicia para Atenco\" src=\"http:\/\/www.atencolibertadyjusticia.com\/img\/marcha_atenco_2010_flyer.jpg\" alt=\"\" width=\"500\" height=\"773\" \/><\/a><\/p>\n","protected":false},"excerpt":{"rendered":"<p>Como miembros de la campa\u00f1a Libertad y Justicia para Atenco, nos alegra  la declaraci\u00f3n de libertad para los 12 presos injustamente encarcelados. resultado no s\u00f3lo de una acci\u00f3n de justicia sino de la larga y tenaz lucha de familiares, amigos, solidarios nacionales e internacionales, intelectuales, organizaciones sociales y civiles, pero sobre todo del Frente de Pueblos en Defensa de la Tierra.<\/p>\n","protected":false},"author":1,"featured_media":0,"comment_status":"open","ping_status":"open","sticky":false,"template":"","format":"standard","meta":{"footnotes":""},"categories":[3,40],"tags":[],"class_list":["post-1066","post","type-post","status-publish","format-standard","hentry","category-boletines","category-guerra-en-mexico"],"_links":{"self":[{"href":"https:\/\/coreco.org.mx\/wordpress\/wp-json\/wp\/v2\/posts\/1066","targetHints":{"allow":["GET"]}}],"collection":[{"href":"https:\/\/coreco.org.mx\/wordpress\/wp-json\/wp\/v2\/posts"}],"about":[{"href":"https:\/\/coreco.org.mx\/wordpress\/wp-json\/wp\/v2\/types\/post"}],"author":[{"embeddable":true,"href":"https:\/\/coreco.org.mx\/wordpress\/wp-json\/wp\/v2\/users\/1"}],"replies":[{"embeddable":true,"href":"https:\/\/coreco.org.mx\/wordpress\/wp-json\/wp\/v2\/comments?post=1066"}],"version-history":[{"count":7,"href":"https:\/\/coreco.org.mx\/wordpress\/wp-json\/wp\/v2\/posts\/1066\/revisions"}],"predecessor-version":[{"id":1069,"href":"https:\/\/coreco.org.mx\/wordpress\/wp-json\/wp\/v2\/posts\/1066\/revisions\/1069"}],"wp:attachment":[{"href":"https:\/\/coreco.org.mx\/wordpress\/wp-json\/wp\/v2\/media?parent=1066"}],"wp:term":[{"taxonomy":"category","embeddable":true,"href":"https:\/\/coreco.org.mx\/wordpress\/wp-json\/wp\/v2\/categories?post=1066"},{"taxonomy":"post_tag","embeddable":true,"href":"https:\/\/coreco.org.mx\/wordpress\/wp-json\/wp\/v2\/tags?post=1066"}],"curies":[{"name":"wp","href":"https:\/\/api.w.org\/{rel}","templated":true}]}}