{"id":1159,"date":"2011-02-28T17:39:45","date_gmt":"2011-02-28T23:39:45","guid":{"rendered":"http:\/\/coreco.org.mx\/wordpress\/?p=1159"},"modified":"2011-02-28T17:39:45","modified_gmt":"2011-02-28T23:39:45","slug":"posicion-de-la-red-por-la-paz-frente-a-la-actual-conflictividad","status":"publish","type":"post","link":"https:\/\/coreco.org.mx\/wordpress\/posicion-de-la-red-por-la-paz-frente-a-la-actual-conflictividad\/","title":{"rendered":"Posici\u00f3n de la Red por la paz frente a la actual conflictividad"},"content":{"rendered":"<p><!-- p { margin-bottom: 0.21cm; } --><\/p>\n<p><!-- p { margin-bottom: 0.21cm; } --><\/p>\n<p><!-- p { margin-bottom: 0.21cm; } --><\/p>\n<p style=\"margin-bottom: 0cm;\" align=\"RIGHT\"><span style=\"font-family: Arial,sans-serif;\"><span style=\"font-size: small;\">Chiapas, M\u00e9xico<\/span><\/span><\/p>\n<p style=\"margin-bottom: 0cm;\" align=\"RIGHT\"><span style=\"font-size: small;\"><span style=\"font-family: Arial,sans-serif;\">28 de Febrero de 2011<\/span><\/span><\/p>\n<p style=\"margin-bottom: 0cm;\" align=\"RIGHT\"><span style=\"font-family: Arial,sans-serif;\"><span style=\"font-size: small;\">Pronunciamiento Red por la Paz<\/span><\/span><\/p>\n<p style=\"margin-bottom: 0cm;\" align=\"RIGHT\"><span style=\"font-family: Arial,sans-serif;\"><span style=\"font-size: small;\"><br \/>\n<\/span><\/span><\/p>\n<ul>\n<li>\n<p style=\"margin-top: 0.1cm; margin-bottom: 0.1cm;\" align=\"JUSTIFY\"><span style=\"font-size: small;\"><span style=\"color: #000000;\"><span style=\"font-family: Arial,sans-serif;\"><strong>La \tRed por la Paz Chiapas visita 9 ind\u00edgenas tzeltales de San \tSebasti\u00e1n Bachaj\u00f3n, adherentes a La Otra Campa\u00f1a, detenidos en la \tc\u00e1rcel penal de Catazaj\u00e1, Chiapas<\/strong><\/span><\/span><\/span><\/p>\n<\/li>\n<li>\n<p style=\"margin-top: 0.1cm; margin-bottom: 0.1cm;\" align=\"JUSTIFY\"><span style=\"font-size: small;\"><span style=\"color: #000000;\"><span style=\"font-family: Arial,sans-serif;\"><strong>Falta <\/strong><\/span><\/span><span style=\"color: #000000;\"><span style=\"font-family: Arial,sans-serif;\"><span lang=\"es-MX\"><strong>voluntad \tpol\u00edtica del gobierno del estado en priorizar el di\u00e1logo para \tresolver conflictos en el estado<\/strong><\/span><\/span><\/span><\/span><\/p>\n<\/li>\n<\/ul>\n<p style=\"margin-top: 0.1cm; margin-bottom: 0.1cm;\" align=\"JUSTIFY\">\n<p style=\"margin-top: 0.1cm; margin-bottom: 0.1cm;\" align=\"JUSTIFY\"><span style=\"color: #000000;\"><span style=\"font-family: Arial,sans-serif;\"><span style=\"font-size: small;\">El pasado 27 de Febrero, como organizaciones civiles que integramos la Red por la Paz Chiapas, brindamos nuestra solidaridad con los 9 ind\u00edgenas tzeltales de San Sebasti\u00e1n Bachaj\u00f3n, adherentes a la Otra Campa\u00f1a, detenidos desde el 3 de Febrero, y sus familiares, en una visita al penal de Catazaj\u00e1, Chiapas. <\/span><\/span><\/span><\/p>\n<p style=\"margin-top: 0.1cm; margin-bottom: 0.1cm;\" align=\"JUSTIFY\"><span style=\"font-size: small;\"><span style=\"color: #000000;\"><span style=\"font-family: Arial,sans-serif;\">Nuestro solidaridad con los 10 detenidos (uno de ellos es menor de edad y por lo tanto se encuentra en el <\/span><\/span><span style=\"color: #000000;\"><span style=\"font-family: Arial,sans-serif;\"><span lang=\"en-US\">Centro de Rehabilitaci\u00f3n Especializado para Adolescentes Villa Crisol en el municipio de Berrioz\u00e1bal, Chiapas<\/span><\/span><\/span><span style=\"color: #000000;\"><span style=\"font-family: Arial,sans-serif;\">) nace de nuestro rechazo frente a la nueva ola de violencia que prevalece en el estado. En este contexto de deterioro, vemos con preocupaci\u00f3n la falta de voluntad y\/o capacidad del gobierno del estado para intervenir en los conflictos existentes, evitando abordarlos, o bien buscando \u201csoluciones\u201d a corto plazo y de no lograrse, recurriendo a la represi\u00f3n en contra de grupos contrarios a su pol\u00edtica. <\/span><\/span><\/span><\/p>\n<p style=\"margin-top: 0.1cm; margin-bottom: 0.1cm;\" lang=\"es-MX\" align=\"JUSTIFY\"><span style=\"color: #000000;\"><span style=\"font-family: Arial,sans-serif;\"><span style=\"font-size: small;\">Los recientes conflictos en el ejido San Sebasti\u00e1n Bachaj\u00f3n y en la comunidad de Mitzit\u00f3n son una expresi\u00f3n m\u00e1s de esta conflictividad social. <\/span><\/span><\/span><\/p>\n<p style=\"margin-top: 0.1cm; margin-bottom: 0.1cm;\" align=\"JUSTIFY\"><span style=\"font-size: small;\"><span style=\"color: #000000;\"><span style=\"font-family: Arial,sans-serif;\"><span lang=\"es-MX\">Ambos conflictos han crecido en violencia y polarizaci\u00f3n de los grupos, al grado que una soluci\u00f3n dialogada y pac\u00edfica se hace cada d\u00eda m\u00e1s urgente, para que no se llegue a un grado de confrontaci\u00f3n que haga imposible una soluci\u00f3n. Las consecuencias son terribles: 1 muerto en Bachaj\u00f3n, varios heridos y 10 presos pol\u00edticos de la Otra Campa\u00f1a.<\/span><\/span><\/span><\/span><\/p>\n<p style=\"margin-top: 0.1cm; margin-bottom: 0.1cm;\" align=\"JUSTIFY\"><span style=\"font-size: small;\"><span style=\"color: #000000;\"><span style=\"font-family: Arial,sans-serif;\"><span lang=\"es-MX\">Los grupos en conflicto, en el caso de San Sebasti\u00e1n, Bachaj\u00f3n, hab\u00edan establecido mecanismos de di\u00e1logo, para construir en conjunto soluciones que garantizar\u00e1n la unidad del ejido, as\u00ed como el control de los recursos naturales para beneficio de sus pobladores. Sin embargo, se suspendi\u00f3 esta v\u00eda negociada con la acci\u00f3n unilateral, respaldada por el gobierno del Estado, para ocupar por la fuerza la caseta de cobro, reprimir a una de las partes en el conflicto y condicionar la liberaci\u00f3n de presos a la aceptaci\u00f3n de las condiciones impuestas por el gobierno. En vez de privilegiar el di\u00e1logo, el gobierno del Estado intervino <\/span><\/span><\/span><span style=\"font-family: Arial,sans-serif;\"><span lang=\"es-MX\">reprimiendo y termin\u00f3 administrando el conflicto tomando control definitivo de la zona. <\/span><\/span><\/span><\/p>\n<p style=\"margin-top: 0.1cm; margin-bottom: 0.1cm;\" align=\"JUSTIFY\"><span style=\"font-size: small;\"><span style=\"color: #000000;\"><span style=\"font-family: Arial,sans-serif;\"><span lang=\"es-MX\">Este m\u00e9todo de administraci\u00f3n del conflicto, ya se utiliz\u00f3 en los a\u00f1os 90 por los gobiernos de Ruiz Ferro y Albores Guill\u00e9n, en las regiones Norte y Altos del Estado. El resultado de esta estrategia pol\u00edtica fue el de un alto n\u00famero de muertos, desapariciones, miles de desplazados y, sobre t<\/span><\/span><\/span><span style=\"color: #000000;\"><span style=\"font-family: Arial,sans-serif;\"><span lang=\"es-MX\">odo, la destrucci\u00f3n del tejido social. Repetir esta manera de actuar, en la cual primero se alienta la confrontaci\u00f3n entre pobladores y posteriormente ingresan la fuerza p\u00fablica para contenerla, es un grave error en este tiempo de creciente violencia en el pa\u00eds.<\/span><\/span><\/span><\/span><\/p>\n<p style=\"margin-top: 0.1cm; margin-bottom: 0.1cm;\" align=\"JUSTIFY\"><span style=\"font-size: small;\"><span style=\"color: #000000;\"><span style=\"font-family: Arial,sans-serif;\"><span lang=\"es-MX\">El ejemplo m\u00e1s claro de la repetici\u00f3n de esta estrategia se encuentra en el conflicto de San Sebasti\u00e1n Bachaj\u00f3n. Conflicto cuya explicaci\u00f3n no se limita a la disputa por el control de la caseta de cobro, para acceder al centro tur\u00edstico de Agua Azul. El ejido de San Sebasti\u00e1n se encuentra en una regi\u00f3n en la cual abundan los recursos naturales, regi\u00f3n cuya riqueza natural es un atractivo tur\u00edstico, la<\/span><\/span><\/span><span style=\"font-family: Arial,sans-serif;\"><span lang=\"es-MX\"> cual implica un inter\u00e9s territorial estrat\u00e9gico para inversi\u00f3n tur\u00edstica y privada y de despojo hacia los pueblos que habitan en este lugar.<\/span><\/span><\/span><\/p>\n<p style=\"margin-top: 0.1cm; margin-bottom: 0.1cm;\" align=\"JUSTIFY\"><span style=\"font-size: small;\"><span style=\"color: #000000;\"><span style=\"font-family: Arial,sans-serif;\"><span lang=\"es-MX\">\u00c9ste no es el \u00fanico conflicto agrario o de explotaci\u00f3n de los recursos naturales de la regi\u00f3n, en el cual los pobladores no han logrado un acuerdo sobre la distribuci\u00f3n de la tierra. No todos los pobladores de la regi\u00f3n est\u00e1n dispuestos a permitir que la tierra sea una mercanc\u00eda para los inversionistas. <\/span><\/span><\/span><\/span><\/p>\n<p style=\"margin-top: 0.1cm; margin-bottom: 0.1cm;\" lang=\"es-MX\" align=\"JUSTIFY\">\n<p style=\"margin-top: 0.1cm; margin-bottom: 0.1cm;\" lang=\"es-MX\" align=\"CENTER\"><span style=\"color: #000000;\"><span style=\"font-family: Arial,sans-serif;\"><span style=\"font-size: small;\"><strong>Atentamente<\/strong><\/span><\/span><\/span><\/p>\n<p style=\"margin-top: 0.1cm; margin-bottom: 0.1cm;\" align=\"CENTER\"><span style=\"font-size: small;\"><span style=\"color: #000000;\"><span style=\"font-family: Arial,sans-serif;\"><span lang=\"es-MX\"><strong>L<\/strong><\/span><\/span><\/span><span style=\"color: #000000;\"><span style=\"font-family: Arial,sans-serif;\"><span lang=\"es-MX\"><strong>a Red por la Paz<\/strong><\/span><\/span><\/span><\/span><\/p>\n<p style=\"margin-top: 0.1cm; margin-bottom: 0.1cm;\" lang=\"es-MX\" align=\"CENTER\">\n<p style=\"margin-top: 0.1cm; margin-bottom: 0.1cm;\" lang=\"es-MX\" align=\"CENTER\"><span style=\"color: #000000;\"><span style=\"font-family: Arial,sans-serif;\"><span style=\"font-size: small;\"><strong>Educaci\u00f3n para la Paz (Edupaz)<\/strong><\/span><\/span><\/span><\/p>\n<p style=\"margin-top: 0.1cm; margin-bottom: 0.1cm;\" lang=\"es-MX\" align=\"CENTER\"><span style=\"color: #000000;\"><span style=\"font-family: Arial,sans-serif;\"><span style=\"font-size: small;\"><strong>Desarrollo Econ\u00f3mico y Social de los Mexicanos Ind\u00edgenas, A.C. (Desmi)<\/strong><\/span><\/span><\/span><\/p>\n<p style=\"margin-top: 0.1cm; margin-bottom: 0.1cm;\" lang=\"es-MX\" align=\"CENTER\"><span style=\"color: #000000;\"><span style=\"font-family: Arial,sans-serif;\"><span style=\"font-size: small;\"><strong>Comisi\u00f3n de Apoyo a la Unidad y Reconciliaci\u00f3n Comunitaria, A.C. (Coreco)<\/strong><\/span><\/span><\/span><\/p>\n<p style=\"margin-top: 0.1cm; margin-bottom: 0.1cm;\" lang=\"es-MX\" align=\"CENTER\"><span style=\"color: #000000;\"><span style=\"font-family: Arial,sans-serif;\"><span style=\"font-size: small;\"><strong>Enlace, Comunicaci\u00f3n y Capacitaci\u00f3n A.C. (Enlace CC)<\/strong><\/span><\/span><\/span><\/p>\n<p style=\"margin-top: 0.1cm; margin-bottom: 0.1cm;\" lang=\"es-MX\" align=\"CENTER\"><span style=\"color: #000000;\"><span style=\"font-family: Arial,sans-serif;\"><span style=\"font-size: small;\"><strong>Servicios y Asesor\u00eda para la Paz, A.C. (Serapaz)<\/strong><\/span><\/span><\/span><\/p>\n<p style=\"margin-top: 0.1cm; margin-bottom: 0.1cm;\" lang=\"es-MX\" align=\"CENTER\"><span style=\"color: #000000;\"><span style=\"font-family: Arial,sans-serif;\"><span style=\"font-size: small;\"><strong>Centro de Derechos de la Mujer de Chiapas, A.C. (CDMCH)<\/strong><\/span><\/span><\/span><\/p>\n<p style=\"margin-top: 0.1cm; margin-bottom: 0.1cm;\" lang=\"es-MX\" align=\"CENTER\"><span style=\"color: #000000;\"><span style=\"font-family: Arial,sans-serif;\"><span style=\"font-size: small;\"><strong>Centro de Derechos Ind\u00edgenas, A.C. (Cediac)<\/strong><\/span><\/span><\/span><\/p>\n<p style=\"margin-top: 0.1cm; margin-bottom: 0.1cm;\" lang=\"es-MX\" align=\"CENTER\"><span style=\"color: #000000;\"><span style=\"font-family: Arial,sans-serif;\"><span style=\"font-size: small;\"><strong>Comit\u00e9 de Derechos Humanos Fray Pedro Lorenzo de la Nada, A.C.<\/strong><\/span><\/span><\/span><\/p>\n<p style=\"margin-top: 0.1cm; margin-bottom: 0.1cm;\" lang=\"es-MX\" align=\"CENTER\"><span style=\"color: #000000;\"><span style=\"font-family: Arial,sans-serif;\"><span style=\"font-size: small;\"><strong>Centro de Derechos Humanos Fray Bartolom\u00e9 de las Casas, A.C. (Frayba)<\/strong><\/span><\/span><\/span><\/p>\n<p style=\"margin-top: 0.1cm; margin-bottom: 0.1cm;\" lang=\"es-MX\" align=\"CENTER\">\n<p style=\"margin-top: 0.1cm; margin-bottom: 0.1cm;\" lang=\"es-MX\" align=\"CENTER\">\n<p style=\"margin-top: 0.1cm; margin-bottom: 0.1cm;\" lang=\"es-MX\" align=\"CENTER\">\n<p style=\"margin-top: 0.1cm; margin-bottom: 0.1cm;\" lang=\"es-MX\" align=\"CENTER\">\n<p style=\"margin-top: 0.1cm; margin-bottom: 0.1cm;\" lang=\"es-MX\" align=\"CENTER\"><span style=\"color: #000000;\"><span style=\"font-family: Arial,sans-serif;\"><span style=\"font-size: x-small;\"><strong>M\u00e1s informaci\u00f3n en <a href=\"http:\/\/www.frayba.org.mx\/archivo\/acciones_urgentes\/110215_au01_detenciones_arbitrarias_actualizacionn.pdf\">Frayba<\/a><\/strong><\/span><\/span><\/span><\/p>\n<p style=\"margin-top: 0.1cm; margin-bottom: 0.1cm;\" lang=\"es-MX\" align=\"CENTER\">\n<p style=\"margin-top: 0.1cm; margin-bottom: 0.1cm;\" lang=\"es-MX\" align=\"CENTER\">\n<p style=\"margin-top: 0.1cm; margin-bottom: 0.1cm; page-break-before: always;\" align=\"JUSTIFY\"><span style=\"color: #000000;\"> <\/span><\/p>\n<p style=\"margin-top: 0.1cm; margin-bottom: 0.1cm;\" align=\"JUSTIFY\">\n","protected":false},"excerpt":{"rendered":"<p> La Red por la Paz Chiapas visita 9 ind\u00edgenas tzeltales de San Sebasti\u00e1n Bachaj\u00f3n, adherentes a La Otra Campa\u00f1a, detenidos en la c\u00e1rcel penal de Catazaj\u00e1, Chiapas<br \/>\nFalta voluntad pol\u00edtica del gobierno del estado en priorizar el di\u00e1logo para resolver conflictos en el estado<\/p>\n","protected":false},"author":1,"featured_media":0,"comment_status":"open","ping_status":"open","sticky":false,"template":"","format":"standard","meta":{"footnotes":""},"categories":[39,40,46],"tags":[],"class_list":["post-1159","post","type-post","status-publish","format-standard","hentry","category-conflicto-en-chiapas","category-guerra-en-mexico","category-red-por-la-paz"],"_links":{"self":[{"href":"https:\/\/coreco.org.mx\/wordpress\/wp-json\/wp\/v2\/posts\/1159","targetHints":{"allow":["GET"]}}],"collection":[{"href":"https:\/\/coreco.org.mx\/wordpress\/wp-json\/wp\/v2\/posts"}],"about":[{"href":"https:\/\/coreco.org.mx\/wordpress\/wp-json\/wp\/v2\/types\/post"}],"author":[{"embeddable":true,"href":"https:\/\/coreco.org.mx\/wordpress\/wp-json\/wp\/v2\/users\/1"}],"replies":[{"embeddable":true,"href":"https:\/\/coreco.org.mx\/wordpress\/wp-json\/wp\/v2\/comments?post=1159"}],"version-history":[{"count":9,"href":"https:\/\/coreco.org.mx\/wordpress\/wp-json\/wp\/v2\/posts\/1159\/revisions"}],"predecessor-version":[{"id":1161,"href":"https:\/\/coreco.org.mx\/wordpress\/wp-json\/wp\/v2\/posts\/1159\/revisions\/1161"}],"wp:attachment":[{"href":"https:\/\/coreco.org.mx\/wordpress\/wp-json\/wp\/v2\/media?parent=1159"}],"wp:term":[{"taxonomy":"category","embeddable":true,"href":"https:\/\/coreco.org.mx\/wordpress\/wp-json\/wp\/v2\/categories?post=1159"},{"taxonomy":"post_tag","embeddable":true,"href":"https:\/\/coreco.org.mx\/wordpress\/wp-json\/wp\/v2\/tags?post=1159"}],"curies":[{"name":"wp","href":"https:\/\/api.w.org\/{rel}","templated":true}]}}