{"id":2014,"date":"2019-09-27T21:50:10","date_gmt":"2019-09-28T02:50:10","guid":{"rendered":"http:\/\/coreco.org.mx\/wordpress\/?p=2014"},"modified":"2020-03-11T13:50:14","modified_gmt":"2020-03-11T19:50:14","slug":"15o-encuentro-de-constructores-y-constructoras-de-paz-y-reconciliacion","status":"publish","type":"post","link":"https:\/\/coreco.org.mx\/wordpress\/15o-encuentro-de-constructores-y-constructoras-de-paz-y-reconciliacion\/","title":{"rendered":"15\u00ba Encuentro de Constructores y Constructoras de Paz y Reconciliaci\u00f3n"},"content":{"rendered":"<p style=\"text-align: center;\"><strong>Nailch\u2019en, San Juan Cancuc, <\/strong><br \/>\n<strong>19, 20 y 21 de septiembre del 2019<\/strong><\/p>\n<blockquote>\n<p style=\"text-align: center;\"><strong>&gt;&gt;&gt; <a href=\"https:\/\/coreco.org.mx\/wordpress\/wp-content\/uploads\/2019-09-19-Encuentro15-ConstructoresdePaz.pdf\" target=\"_blank\" rel=\"noopener noreferrer\">Ver boletin completo<\/a> &lt;&lt;&lt;<\/strong><\/p>\n<\/blockquote>\n<p><a href=\"https:\/\/coreco.org.mx\/wordpress\/wp-content\/uploads\/constrpaz15-2.jpg\"><img loading=\"lazy\" decoding=\"async\" class=\"alignright size-medium wp-image-2016\" src=\"https:\/\/coreco.org.mx\/wordpress\/wp-content\/uploads\/constrpaz15-2-300x174.jpg\" alt=\"\" width=\"300\" height=\"174\" srcset=\"https:\/\/coreco.org.mx\/wordpress\/wp-content\/uploads\/constrpaz15-2-300x174.jpg 300w, https:\/\/coreco.org.mx\/wordpress\/wp-content\/uploads\/constrpaz15-2.jpg 805w\" sizes=\"auto, (max-width: 300px) 100vw, 300px\" \/><\/a>En este encuentro empezamos muy contentos nuestro trabajo porque estamos cumpliendo 15 a\u00f1os de reunirnos como Constructores y Constructoras de Paz y Reconciliaci\u00f3n. La bienvenida fue en el crucero antes de la comunidad, donde nos recibieron los hermanos y hermanas de esta zona. Y juntos caminamos en procesi\u00f3n, acompa\u00f1ados por los bastones, la m\u00fasica tradicional, los cohetes, el incienso, el sonido del caracol. Al llegar a la iglesia hicimos la oraci\u00f3n tradicional alrededor de nuestro altar maya, haciendo la invocaci\u00f3n a las cuatro direcciones y agradecer por encontrarnos nuevamente.<\/p>\n<p>En esta ocasi\u00f3n llegamos 158 participantes. 132 hombres y 26 mujeres representando a 11 municipios: San Juan Cancuc, Oxchuc, Huixt\u00e1n, Tenejapa, Chanal, San Crist\u00f3bal, Ocosingo, Independencia, El Bosque, Chil\u00f3n, y Comit\u00e1n.<\/p>\n<p><a href=\"https:\/\/coreco.org.mx\/wordpress\/wp-content\/uploads\/constrpaz15-1.jpg\"><img loading=\"lazy\" decoding=\"async\" class=\"alignleft size-medium wp-image-2017\" src=\"https:\/\/coreco.org.mx\/wordpress\/wp-content\/uploads\/constrpaz15-1-300x148.jpg\" alt=\"\" width=\"300\" height=\"148\" srcset=\"https:\/\/coreco.org.mx\/wordpress\/wp-content\/uploads\/constrpaz15-1-300x148.jpg 300w, https:\/\/coreco.org.mx\/wordpress\/wp-content\/uploads\/constrpaz15-1.jpg 740w\" sizes=\"auto, (max-width: 300px) 100vw, 300px\" \/><\/a>EN ESTE ENCUENTRO NUESTRO OBJETIVO FUE:<br \/>\nComo Constructores y Constructoras de Paz y Reconciliaci\u00f3n, fortalecer nuestro trabajo de paz, iluminados con la palabra de Dios para el Lekil Kuxlejal en nuestras comunidades y pueblos. Con este objetivo queremos reconocer nuestro caminar como constructores de paz, en estos quince a\u00f1os que llevamos compartiendo, cada uno de nosotros est\u00e1 tambi\u00e9n poniendo en pr\u00e1ctica el buen vivir en cada comunidad, en cada municipio en el que realizamos nuestros distintos trabajos tal como lo pudimos ver en la presentaci\u00f3n que hicimos.<\/p>\n<p><a href=\"https:\/\/coreco.org.mx\/wordpress\/wp-content\/uploads\/constrpaz15-3.jpg\"><img loading=\"lazy\" decoding=\"async\" class=\"alignright size-medium wp-image-2018\" src=\"https:\/\/coreco.org.mx\/wordpress\/wp-content\/uploads\/constrpaz15-3-300x161.jpg\" alt=\"\" width=\"300\" height=\"161\" srcset=\"https:\/\/coreco.org.mx\/wordpress\/wp-content\/uploads\/constrpaz15-3-300x161.jpg 300w, https:\/\/coreco.org.mx\/wordpress\/wp-content\/uploads\/constrpaz15-3.jpg 562w\" sizes=\"auto, (max-width: 300px) 100vw, 300px\" \/><\/a>El objetivo de este encuentro es ver el rostro m\u00e1s completo de los caminos de paz, es hora de ver que nuestro trabajo es de servicio para los pueblos. Por eso vamos a animarnos entre todos para que durante estos tres d\u00edas de trabajo tengamos un coraz\u00f3n abierto para compartir nuestras experiencias, nuestros aprendizajes pero tambi\u00e9n lo que queremos que no se pierda con los m\u00e1s j\u00f3venes, con los ni\u00f1os, que sepan que el lekil kuxlejal es la mejor herencia que podemos dejar de esto que hemos aprendido tambi\u00e9n de nuestras abuelas y abuelos.<\/p>\n<p>El lekil kuxlejal adem\u00e1s no es s\u00f3lo para el bien de una persona, es para el bien com\u00fan, para sanar el coraz\u00f3n de nuestros pueblos, es la defensa del territorio, la lucha por la vida.<\/p>\n<h2 style=\"text-align: center;\"><a href=\"https:\/\/coreco.org.mx\/wordpress\/wp-content\/uploads\/2019-09-19-Encuentro15-ConstructoresdePaz.pdf\" target=\"_blank\" rel=\"noopener noreferrer\">&gt;&gt;&gt; Ver boletin completo &lt;&lt;&lt;<\/a><br \/>\n(PDF con 16 p\u00e1ginas tama\u00f1o carta, 1.6MB)<\/h2>\n","protected":false},"excerpt":{"rendered":"<p>Nailch\u2019en, San Juan Cancuc, 19, 20 y 21 de septiembre del 2019 &gt;&gt;&gt; Ver boletin completo &lt;&lt;&lt; En este encuentro empezamos muy contentos nuestro trabajo porque estamos cumpliendo 15 a\u00f1os de reunirnos como Constructores y Constructoras de Paz y Reconciliaci\u00f3n. La bienvenida fue en el crucero antes de la comunidad, donde nos recibieron los hermanos y hermanas de esta zona. Y juntos caminamos en procesi\u00f3n, acompa\u00f1ados por los bastones, la m\u00fasica tradicional, los cohetes, el incienso, el sonido del caracol. Al llegar a la iglesia hicimos la oraci\u00f3n tradicional alrededor de nuestro altar maya, haciendo la invocaci\u00f3n a las cuatro&#8230;<\/p>\n","protected":false},"author":1,"featured_media":2019,"comment_status":"open","ping_status":"open","sticky":false,"template":"","format":"standard","meta":{"footnotes":""},"categories":[57,3,19,5],"tags":[],"class_list":["post-2014","post","type-post","status-publish","format-standard","has-post-thumbnail","hentry","category-articulacion","category-boletines","category-encuentro-de-constructores-de-paz-y-reconciliacion","category-encuentro-paz-reconciliacion"],"_links":{"self":[{"href":"https:\/\/coreco.org.mx\/wordpress\/wp-json\/wp\/v2\/posts\/2014","targetHints":{"allow":["GET"]}}],"collection":[{"href":"https:\/\/coreco.org.mx\/wordpress\/wp-json\/wp\/v2\/posts"}],"about":[{"href":"https:\/\/coreco.org.mx\/wordpress\/wp-json\/wp\/v2\/types\/post"}],"author":[{"embeddable":true,"href":"https:\/\/coreco.org.mx\/wordpress\/wp-json\/wp\/v2\/users\/1"}],"replies":[{"embeddable":true,"href":"https:\/\/coreco.org.mx\/wordpress\/wp-json\/wp\/v2\/comments?post=2014"}],"version-history":[{"count":2,"href":"https:\/\/coreco.org.mx\/wordpress\/wp-json\/wp\/v2\/posts\/2014\/revisions"}],"predecessor-version":[{"id":2107,"href":"https:\/\/coreco.org.mx\/wordpress\/wp-json\/wp\/v2\/posts\/2014\/revisions\/2107"}],"wp:featuredmedia":[{"embeddable":true,"href":"https:\/\/coreco.org.mx\/wordpress\/wp-json\/wp\/v2\/media\/2019"}],"wp:attachment":[{"href":"https:\/\/coreco.org.mx\/wordpress\/wp-json\/wp\/v2\/media?parent=2014"}],"wp:term":[{"taxonomy":"category","embeddable":true,"href":"https:\/\/coreco.org.mx\/wordpress\/wp-json\/wp\/v2\/categories?post=2014"},{"taxonomy":"post_tag","embeddable":true,"href":"https:\/\/coreco.org.mx\/wordpress\/wp-json\/wp\/v2\/tags?post=2014"}],"curies":[{"name":"wp","href":"https:\/\/api.w.org\/{rel}","templated":true}]}}