{"id":204,"date":"2009-10-15T18:34:50","date_gmt":"2009-10-16T00:34:50","guid":{"rendered":"http:\/\/localhost\/wordpress\/?p=204"},"modified":"2009-11-15T15:10:18","modified_gmt":"2009-11-15T21:10:18","slug":"reconocimiento-jtatic-samuel-jcanan-lum","status":"publish","type":"post","link":"https:\/\/coreco.org.mx\/wordpress\/reconocimiento-jtatic-samuel-jcanan-lum\/","title":{"rendered":"CONVOCATORIA &#8211; Reconocimiento  jTatic Samuel jCanan Lum"},"content":{"rendered":"<p style=\"text-align: center;\"><img loading=\"lazy\" decoding=\"async\" class=\"size-full wp-image-267 aligncenter\" title=\"Glifo ak'abal: 10 ak'abal es el d\u00eda en el tsolquin correspondiente al 14  de octubre de 1999\" src=\"https:\/\/coreco.org.mx\/wordpress\/wp-content\/uploads\/2009\/08\/glifo_aqabal.gif\" alt=\"glifo aqabal\" width=\"160\" height=\"168\" \/><\/p>\n<p style=\"text-align: center;\"><strong>Las organizaciones civiles<\/strong><strong> <\/strong><\/p>\n<p style=\"text-align: center;\"><strong>C\u00e1ritas de San Crist\u00f3bal, Centro de Derechos Humanos Fray Bartolom\u00e9 de Las Casas (Frayba), Comisi\u00f3n de Apoyo a la Unidad y Reconciliaci\u00f3n Comunitaria (Coreco),\u00a0 Desarrollo Econ\u00f3mico Social de los Mexicanos Ind\u00edgenas (Desmi), Instituto de Estudios e Investigaci\u00f3n Intercultural (Inesin) y Servicios y Asesor\u00eda para la Paz (Serapaz).<\/strong><\/p>\n<p style=\"text-align: center;\"><strong>Extendemos la presente invitaci\u00f3n:<\/strong><\/p>\n<p style=\"text-align: center;\"><strong>A las organizaciones sociales y civiles, a las distintas iglesias y grupos religiosos, a los colectivos y grupos de base a participar en la promoci\u00f3n y presentaci\u00f3n de candidatos y candidatas para recibir el reconocimiento<\/strong><\/p>\n<p style=\"text-align: center;\"><strong> <\/strong><\/p>\n<h3 style=\"text-align: center;\"><strong>jTatic Samuel jCanan Lum <\/strong><\/h3>\n<h3 style=\"text-align: center;\"><strong>Enero 2010<\/strong><\/h3>\n<p><strong>Con este reconocimiento queremos:<\/strong><\/p>\n<p>Difundir y animar el trabajo y el servicio de mujeres y hombres, organizaciones y colectivos que se han caracterizado por su contribuci\u00f3n al pueblo en la creaci\u00f3n de alternativas comunitarias y\/o regionales, as\u00ed como por sus trabajos encaminados a la unidad y a la transformaci\u00f3n social de manera pac\u00edfica, frente a la violencia y al sistema capitalista y patriarcal.<\/p>\n<p>Queremos reconocer su amor a su pueblo, su resistencia frente al desaliento y a la persecuci\u00f3n. Y, de manera concreta su servicio, su b\u00fasqueda de alternativas frente a los sufrimientos y marginaci\u00f3n de su pueblo, frente a la destrucci\u00f3n de la tierra, a la defensa de los derechos humanos, a la defensa de la dignidad de todas y todos y a su lucha por la paz, la justicia y la liberaci\u00f3n.<\/p>\n<p>jTatic Samuel jCanan Lum es un cargo que Don Samuel Ruiz Garc\u00eda recibi\u00f3 en el poblado de Amatenango del Valle de parte de comunidades de los pueblos Ch&#8217;ol, Tojolabal, Tseltal, Tsotsil y Zoque el d\u00eda 14 de Octubre de 1999. All\u00ed le reconocieron como cuidador de su pueblo, quien le ama y le defiende, como quien le sostiene en el cuidado de la vida, de la tierra y de la naturaleza.<\/p>\n<p>jTatic Samuel jCanan Lum es el reconocimiento de una vida de servicio, dedicada al bien de los dem\u00e1s.<\/p>\n<p>jTatic Samuel ha reconocido que su servicio es resultado del proceso hist\u00f3rico de las comunidades y de los pueblos que buscan su liberaci\u00f3n. Los reconocimientos que \u00e9l ha recibido, lo son tambi\u00e9n para los pueblos que trabajan por su liberaci\u00f3n y por hacerse sujetos de su propia historia, as\u00ed lo ha dicho en varias ocasiones.<\/p>\n<p>jTatic Samuel apoya esta iniciativa. Es una manera de reconocer que el cargo jTatic Samuel jCanan Lum es un servicio colectivo, el cual es vivido por personas y grupos, que al hacerse sujetos de su propia historia, luchan por el bien com\u00fan y la liberaci\u00f3n de su pueblo. Es un reconocimiento a quienes con su trabajo diario y servicio comunitario aman, cuidan y defienden a su pueblo.<\/p>\n<p>El reconocimiento se entregar\u00e1 por primera ocasi\u00f3n el mes de enero de 2010 con motivo de los 50 a\u00f1os de obispo de jTatic Samuel Ruiz Garc\u00eda y de la realizaci\u00f3n de la Asamblea Internacional del Peace Council en Chiapas.<\/p>\n<p><span style=\"color: #800000;\"><strong>El reconocimiento ser\u00e1 entregado por jTatic Samuel.<\/strong><\/span><\/p>\n<p><span style=\"color: #000080;\"><strong>B A S E S<\/strong><\/span><\/p>\n<p><strong> <\/strong><\/p>\n<ol>\n<li>Se reconocer\u00e1 a grupos, comunidades, organizaciones y personas de base que sean presentadas por alguna organizaci\u00f3n, comunidad o instituci\u00f3n como candidatos a recibir este reconocimiento.<\/li>\n<li>Los candidatos al reconocimiento han de ser grupos, comunidades y\/o personas de base.<\/li>\n<li>Las organizaciones convocantes invitaremos a personas conocedoras de la vida y servicio de los pueblos, para que nos ayuden a discernir sobre cu\u00e1ntos y a qui\u00e9nes entregar este reconocimiento jTatic Samuel jCanan Lum.<\/li>\n<li>La convocatoria est\u00e1 dirigida en esta primera ocasi\u00f3n solamente al estado de Chiapas.<\/li>\n<li>El reconocimiento busca apoyar a personas o grupos: ser est\u00edmulo y cobertura social para su trabajo.<\/li>\n<\/ol>\n<p>En la presentaci\u00f3n de candidatas y candidatos se requiere poner atenci\u00f3n en que las iniciativas colectivas o personales promuevan:<\/p>\n<ol>\n<li> La participaci\u00f3n de varones y mujeres.<\/li>\n<li> La diversidad de iniciativas: derechos humanos, derechos de las mujeres, derechos de los pueblos, reconciliaci\u00f3n, promoci\u00f3n del di\u00e1logo, prevenci\u00f3n de la violencia, alternativas econ\u00f3micas, defensa de la tierra y del territorio, rescate cultural y de la sabidur\u00eda ancestral, di\u00e1logo interreligioso, ecumenismo, salud,\u00a0 autonom\u00eda, medio ambiente, agroecolog\u00eda.<\/li>\n<li> La voluntad de los pueblos de construir alternativas a sus necesidades.<\/li>\n<li> La voluntad de transformaciones pac\u00edficas.<\/li>\n<li> El principio de realizar transformaciones sociales desde abajo, desde los pobres.<\/li>\n<li> La autonom\u00eda y la no dependencia de formas de poder y sometimiento.<\/li>\n<li>La buena convivencia en la diversidad religiosa, cultural, social, organizativa y pol\u00edtica.<\/li>\n<\/ol>\n<p>Las etapas para este primer reconocimiento son las siguientes:<\/p>\n<ul>\n<li> <strong><span style=\"color: #800000;\">Recepci\u00f3n de propuestas<\/span><\/strong><span style=\"color: #800000;\"><em> (fecha l\u00edmite)<\/em><\/span>: 30 de Noviembre del 2009.<\/li>\n<li> <span style=\"color: #800000;\"><strong>Entrega del reconocimiento: <\/strong><\/span>24 de Enero 2010.<\/li>\n<\/ul>\n<p><strong>L@s interesad@s pueden llenar el formulario a continuaci\u00f3n, una vez enviado recibir\u00e1n una notificaci\u00f3n en su direcci\u00f3n de correo electr\u00f3nico, o pueden <\/strong><strong>Descargar en formato PDF la Convocatoria reconocimiento jTatic Samuel jCanan Lum 2010 <\/strong><\/p>\n<p style=\"text-align: center;\"><strong><a href=\"https:\/\/coreco.org.mx\/wordpress\/wp-content\/uploads\/2009\/10\/invitacion-3.pdf\"><img loading=\"lazy\" decoding=\"async\" class=\"alignleft size-full wp-image-253\" title=\"icono pdf\" src=\"https:\/\/coreco.org.mx\/wordpress\/wp-content\/uploads\/2009\/08\/pdf.png\" alt=\"icono pdf\" width=\"32\" height=\"35\" \/><\/a><br \/>\n<\/strong><\/p>\n<p style=\"text-align: center;\"><!--cforms name=\"jTatic Samuel jCanan Lum\"--><\/p>\n<div id=\"_mcePaste\" style=\"overflow: hidden; position: absolute; left: -10000px; top: 320px; width: 1px; height: 1px; text-align: center;\"><!-- \t\t@page { margin: 2cm } \t\tP { margin-bottom: 0.21cm } --><\/p>\n<p style=\"border: 1pt solid #000000; padding: 0.04cm; margin-left: 0.01cm; margin-bottom: 0cm; font-style: normal; font-weight: normal; line-height: 80%; page-break-before: always;\" align=\"center\"><span style=\"font-family: Japan;\"><span style=\"font-size: x-small;\">Con este reconocimiento queremos:<\/span><\/span><\/p>\n<p style=\"margin-top: 0.2cm; margin-bottom: 0cm;\" align=\"justify\"><span style=\"font-family: Verdana,sans-serif;\"><span style=\"font-size: x-small;\"><span style=\"font-style: normal;\"><span style=\"font-weight: normal;\">Difundir y animar el trabajo y el servicio de mujeres y hombres, organizaciones y colectivos que se han caracterizado por su contribuci\u00f3n al pueblo en la creaci\u00f3n de alternativas comunitarias y\/o regionales, as\u00ed como por sus trabajos encaminados a la unidad y a la transformaci\u00f3n social de manera pac\u00edfica, frente a la violencia y al sistema capitalista y patriarcal.<\/span><\/span> <\/span><\/span><\/p>\n<p style=\"margin-top: 0.1cm; margin-bottom: 0cm;\" align=\"justify\"><span style=\"font-size: x-small;\"><span style=\"font-family: Verdana,sans-serif;\"><span style=\"font-style: normal;\"><span style=\"font-weight: normal;\">Queremos reconocer<\/span><\/span><\/span><span style=\"font-family: Verdana,sans-serif;\"><span style=\"font-weight: normal;\"> su amor a su pueblo, su resistencia frente al desaliento y a la persecuci\u00f3n. Y, de manera concreta su servicio, su b\u00fasqueda de alternativas frente a los sufrimientos y marginaci\u00f3n de su pueblo, frente a la destrucci\u00f3n de la tierra, a la defensa de los derechos humanos, a la defensa de la dignidad de todas y todos y a su lucha por la paz, la justicia y la liberaci\u00f3n.<\/span><\/span><\/span><\/p>\n<p style=\"margin-top: 0.1cm; margin-bottom: 0cm;\" align=\"justify\"><span style=\"font-size: x-small;\"><span style=\"font-family: Verdana,sans-serif;\"><strong>jTatic Samuel jCanan Lum<\/strong><\/span><span style=\"font-family: Verdana,sans-serif;\"><span style=\"font-weight: normal;\"> es un cargo que Don Samuel Ruiz Garc\u00eda recibi\u00f3 en el poblado de Amatenango del Valle de parte de comunidades de los pueblos Ch&#8217;ol, Tojolabal, Tseltal, Tsotsil y Zoque el d\u00eda 14 de Octubre de 1999. All\u00ed le reconocieron como cuidador de su pueblo, quien le ama y le defiende, como quien le sostiene en el cuidado de la vida, de la tierra y de la naturaleza.<\/span><\/span><\/span><\/p>\n<p style=\"margin-top: 0.1cm; margin-bottom: 0cm;\" align=\"justify\"><span style=\"font-size: x-small;\"><span style=\"font-family: Verdana,sans-serif;\"><strong>jTatic Samuel jCanan Lum <\/strong><\/span><span style=\"font-family: Verdana,sans-serif;\"><span style=\"font-weight: normal;\">es el reconocimiento de una vida de servicio, dedicada al bien de los dem\u00e1s.<\/span><\/span><\/span><\/p>\n<p style=\"margin-top: 0.1cm; margin-bottom: 0cm;\" align=\"justify\"><span style=\"font-size: x-small;\"><span style=\"font-family: Verdana,sans-serif;\"><strong>jTatic Samuel<\/strong><\/span><span style=\"font-family: Verdana,sans-serif;\"><span style=\"font-weight: normal;\"> ha reconocido que su servicio es resultado del proceso hist\u00f3rico de las comunidades y de los pueblos que buscan su liberaci\u00f3n. Los reconocimientos que \u00e9l ha recibido, lo son tambi\u00e9n para los pueblos que trabajan por su liberaci\u00f3n y por hacerse sujetos de su propia historia, as\u00ed lo ha dicho en varias ocasiones. <\/span><\/span><\/span><\/p>\n<p style=\"margin-top: 0.1cm; margin-bottom: 0.2cm; font-weight: normal;\" align=\"justify\"><span style=\"font-family: Verdana,sans-serif;\"><span style=\"font-size: x-small;\"><strong>jTatic Samuel<\/strong> apoya esta iniciativa. Es una manera de reconocer que el cargo <strong>jTatic Samuel jCanan Lum<\/strong> es un servicio colectivo, el cual es vivido por personas y grupos, que al hacerse sujetos de su propia historia, luchan por el bien com\u00fan y la liberaci\u00f3n de su pueblo. Es un reconocimiento a quienes con su trabajo diario y servicio comunitario aman, cuidan y defienden a su pueblo.<\/span><\/span><\/p>\n<p style=\"margin-top: 0.1cm; margin-bottom: 0.2cm; font-weight: normal;\" align=\"justify\">\n<p style=\"border: 1pt solid #000000; margin: 0.1cm -0.11cm 0cm 0cm; padding: 0.14cm 0.34cm; text-indent: -0.03cm; font-weight: normal; line-height: 60%;\" align=\"justify\"><span style=\"font-family: Japan;\"><span style=\"font-size: x-small;\">El reconocimiento se entregar\u00e1 por primera ocasi\u00f3n el mes de enero de 2010 con motivo de los 50 a\u00f1os de obispo de jTatic Samuel Ruiz Garc\u00eda y de la realizaci\u00f3n de la Asamblea Internacional del Peace Council en Chiapas.<\/span><\/span><\/p>\n<p style=\"border: 1pt solid #000000; margin: 0.1cm -0.11cm 0cm 0cm; padding: 0.14cm 0.34cm; text-indent: -0.03cm; font-weight: normal; line-height: 60%;\" align=\"justify\"><span style=\"font-family: Japan;\"><span style=\"font-size: x-small;\">El reconocimiento ser\u00e1 entregado por jTatic Samuel.<\/span><\/span><\/p>\n<p style=\"border: 1pt solid #000000; padding: 0.04cm; margin-left: 0.01cm; margin-bottom: 0cm; font-style: normal; font-weight: normal; line-height: 80%;\" align=\"center\"><span style=\"font-family: Japan;\"><span style=\"font-size: medium;\">Bases<\/span><\/span><\/p>\n<p style=\"margin-left: 0.65cm; text-indent: -0.68cm; margin-top: 0.1cm; margin-bottom: 0cm; font-weight: normal; line-height: 100%;\" align=\"justify\"><span style=\"font-family: Verdana,sans-serif;\"><span style=\"font-size: x-small;\">1.- Se reconocer\u00e1 a grupos, comunidades, organizaciones y personas de base que sean presentadas por alguna organizaci\u00f3n, comunidad o instituci\u00f3n como candidatos a recibir este reconocimiento.<\/span><\/span><\/p>\n<p style=\"margin-left: 0.65cm; text-indent: -0.68cm; margin-top: 0.1cm; margin-bottom: 0cm; font-weight: normal; line-height: 100%;\" align=\"justify\"><span style=\"font-family: Verdana,sans-serif;\"><span style=\"font-size: x-small;\">2.- Los candidatos al reconocimiento han de ser grupos, comunidades y\/o personas de base.<\/span><\/span><\/p>\n<p style=\"margin-left: 0.65cm; text-indent: -0.68cm; margin-top: 0.1cm; margin-bottom: 0cm; font-weight: normal; line-height: 100%;\" align=\"justify\"><span style=\"font-family: Verdana,sans-serif;\"><span style=\"font-size: x-small;\">3.- Las organizaciones convocantes invitaremos a personas conocedoras de la vida y servicio de los pueblos, para que nos ayuden a discernir sobre cu\u00e1ntos y a qui\u00e9nes entregar este reconocimiento jTatic Samuel jCanan Lum.<\/span><\/span><\/p>\n<p style=\"margin-left: 0.65cm; text-indent: -0.68cm; margin-top: 0.1cm; margin-bottom: 0cm; font-weight: normal; line-height: 100%;\" align=\"justify\"><span style=\"font-family: Verdana,sans-serif;\"><span style=\"font-size: x-small;\">4.- La convocatoria est\u00e1 dirigida en esta primera ocasi\u00f3n solamente al estado de Chiapas.<\/span><\/span><\/p>\n<p style=\"margin-left: 0.65cm; text-indent: -0.68cm; margin-top: 0.1cm; margin-bottom: 0.1cm; font-weight: normal; line-height: 100%;\" align=\"justify\"><span style=\"font-family: Verdana,sans-serif;\"><span style=\"font-size: x-small;\">5.- El reconocimiento busca apoyar a personas o grupos: ser est\u00edmulo y cobertura social para su trabajo. <\/span><\/span><\/p>\n<p style=\"border: 1pt solid #000000; padding: 0.05cm; margin-left: 0.01cm; margin-right: -0.02cm; margin-bottom: 0cm; font-weight: normal; line-height: 80%;\" align=\"center\"><span style=\"font-family: Japan;\"><span style=\"font-size: x-small;\">En la presentaci\u00f3n de candidatas y candidatos se requiere poner atenci\u00f3n en que las iniciativas colectivas o personales promuevan:<\/span><\/span><\/p>\n<p style=\"margin-left: 0.65cm; text-indent: -0.68cm; margin-top: 0.1cm; margin-bottom: 0cm; font-weight: normal; line-height: 100%;\" align=\"justify\"><span style=\"font-family: Verdana,sans-serif;\"><span style=\"font-size: x-small;\">1.- La participaci\u00f3n de varones y mujeres.<\/span><\/span><\/p>\n<p style=\"margin-left: 0.65cm; text-indent: -0.68cm; margin-top: 0.1cm; margin-bottom: 0cm; font-weight: normal; line-height: 100%;\" align=\"justify\"><span style=\"font-family: Verdana,sans-serif;\"><span style=\"font-size: x-small;\">2.- La diversidad de iniciativas: derechos humanos, derechos de las mujeres, derechos de los pueblos, reconciliaci\u00f3n, promoci\u00f3n del di\u00e1logo, prevenci\u00f3n de la violencia, alternativas econ\u00f3micas, defensa de la tierra y del territorio, rescate cultural y de la sabidur\u00eda ancestral, di\u00e1logo interreligioso, ecumenismo, salud,  autonom\u00eda, medio ambiente, agroecolog\u00eda.<\/span><\/span><\/p>\n<p style=\"margin-left: 0.65cm; text-indent: -0.68cm; margin-top: 0.1cm; margin-bottom: 0cm; font-weight: normal; line-height: 100%;\" align=\"justify\"><span style=\"font-family: Verdana,sans-serif;\"><span style=\"font-size: x-small;\">3.- La voluntad de los pueblos de construir alternativas a sus necesidades.<\/span><\/span><\/p>\n<p style=\"margin-left: 0.65cm; text-indent: -0.68cm; margin-top: 0.1cm; margin-bottom: 0cm; font-weight: normal; line-height: 100%;\" align=\"justify\"><span style=\"font-family: Verdana,sans-serif;\"><span style=\"font-size: x-small;\">4.- La voluntad de transformaciones pac\u00edficas.<\/span><\/span><\/p>\n<p style=\"margin-left: 0.65cm; text-indent: -0.68cm; margin-top: 0.1cm; margin-bottom: 0cm; font-weight: normal; line-height: 100%;\" align=\"justify\"><span style=\"font-family: Verdana,sans-serif;\"><span style=\"font-size: x-small;\">5.- El principio de realizar transformaciones sociales desde abajo, desde los pobres.<\/span><\/span><\/p>\n<p style=\"margin-left: 0.65cm; text-indent: -0.68cm; margin-top: 0.1cm; margin-bottom: 0cm; font-weight: normal; line-height: 100%;\" align=\"justify\"><span style=\"font-family: Verdana,sans-serif;\"><span style=\"font-size: x-small;\">6.- La autonom\u00eda y la no dependencia de formas de poder y sometimiento.<\/span><\/span><\/p>\n<p style=\"margin-left: 0.65cm; text-indent: -0.68cm; margin-top: 0.1cm; margin-bottom: 0.1cm; font-weight: normal; line-height: 100%;\" align=\"justify\"><span style=\"font-family: Verdana,sans-serif;\"><span style=\"font-size: x-small;\">7.- La buena convivencia en la diversidad religiosa, cultural, social, organizativa y pol\u00edtica. <\/span><\/span><\/p>\n<p style=\"border: 1pt solid #000000; padding: 0.04cm 0.34cm; margin-left: 0cm; margin-right: -0.11cm; text-indent: -0.03cm; margin-bottom: 0cm; font-weight: normal; line-height: 60%;\" align=\"center\"><span style=\"font-family: Japan;\"><span style=\"font-size: x-small;\">Las etapas para este primer reconocimiento son las siguientes:<\/span><\/span><\/p>\n<p style=\"border: 1pt solid #000000; padding: 0.04cm 0.34cm; margin-left: 0cm; margin-right: -0.11cm; text-indent: -0.03cm; margin-bottom: 0cm; font-weight: normal; line-height: 60%;\" align=\"justify\"><span style=\"font-family: Japan;\"><span style=\"font-size: x-small;\"><strong>Recepci\u00f3n de propuestas:<\/strong> fecha l\u00edmite: 30 de Noviembre del 2009.<\/span><\/span><\/p>\n<p style=\"border: 1pt solid #000000; padding: 0.04cm 0.34cm; margin-left: 0cm; margin-right: -0.11cm; text-indent: -0.03cm; margin-bottom: 0cm; font-weight: normal; line-height: 60%;\" align=\"justify\"><span style=\"font-family: Japan;\"><span style=\"font-size: x-small;\"><em><strong>Entrega del reconocimiento:<\/strong> 26 de enero 2010<\/em><\/span><\/span><\/p>\n<\/div>\n","protected":false},"excerpt":{"rendered":"<p><a href=\"http:\/\/localhost\/wordpress\/wp-content\/uploads\/2009\/08\/glifo_aqabal.gif\" style=\"text-align: center;\"><img loading=\"lazy\" decoding=\"async\" class=\"aligncenter size-full wp-image-205\" title=\"glifo_aqabal\" src=\"https:\/\/coreco.org.mx\/wordpress\/wp-content\/uploads\/2009\/08\/glifo_aqabal.gif\" alt=\"glifo_aqabal\" width=\"54\" height=\"59\" \/><\/a> <\/p>\n<p style=\"text-align: justify;\">\nExtendemos la presente invitaci\u00f3n:<br \/>\nA las organizaciones sociales y civiles, a las distintas iglesias y grupos religiosos, a los colectivos y grupos de base a participar en la promoci\u00f3n y presentaci\u00f3n de candidatos y candidatas para recibir el reconocimiento:<br \/>\njTatic Samuel jCanan Lum<br \/>\nEnero 2010<\/p>\n","protected":false},"author":1,"featured_media":0,"comment_status":"open","ping_status":"open","sticky":false,"template":"","format":"standard","meta":{"footnotes":""},"categories":[3,20],"tags":[8,13,14,15,16,17,18],"class_list":["post-204","post","type-post","status-publish","format-standard","hentry","category-boletines","category-reconocimiento-jtatik-samuel-jcanan-lum","tag-convocatoria","tag-jcanan","tag-jtatic","tag-liberacion","tag-lum","tag-samuel","tag-samuel-ruiz-garcia"],"_links":{"self":[{"href":"https:\/\/coreco.org.mx\/wordpress\/wp-json\/wp\/v2\/posts\/204","targetHints":{"allow":["GET"]}}],"collection":[{"href":"https:\/\/coreco.org.mx\/wordpress\/wp-json\/wp\/v2\/posts"}],"about":[{"href":"https:\/\/coreco.org.mx\/wordpress\/wp-json\/wp\/v2\/types\/post"}],"author":[{"embeddable":true,"href":"https:\/\/coreco.org.mx\/wordpress\/wp-json\/wp\/v2\/users\/1"}],"replies":[{"embeddable":true,"href":"https:\/\/coreco.org.mx\/wordpress\/wp-json\/wp\/v2\/comments?post=204"}],"version-history":[{"count":34,"href":"https:\/\/coreco.org.mx\/wordpress\/wp-json\/wp\/v2\/posts\/204\/revisions"}],"predecessor-version":[{"id":730,"href":"https:\/\/coreco.org.mx\/wordpress\/wp-json\/wp\/v2\/posts\/204\/revisions\/730"}],"wp:attachment":[{"href":"https:\/\/coreco.org.mx\/wordpress\/wp-json\/wp\/v2\/media?parent=204"}],"wp:term":[{"taxonomy":"category","embeddable":true,"href":"https:\/\/coreco.org.mx\/wordpress\/wp-json\/wp\/v2\/categories?post=204"},{"taxonomy":"post_tag","embeddable":true,"href":"https:\/\/coreco.org.mx\/wordpress\/wp-json\/wp\/v2\/tags?post=204"}],"curies":[{"name":"wp","href":"https:\/\/api.w.org\/{rel}","templated":true}]}}