{"id":683,"date":"2009-11-15T15:09:26","date_gmt":"2009-11-15T21:09:26","guid":{"rendered":"http:\/\/coreco.org.mx\/wordpress\/?p=683"},"modified":"2020-03-11T16:57:00","modified_gmt":"2020-03-11T22:57:00","slug":"en-chiapas-si-vivimos-una-situacion-de-guerra","status":"publish","type":"post","link":"https:\/\/coreco.org.mx\/wordpress\/en-chiapas-si-vivimos-una-situacion-de-guerra\/","title":{"rendered":"En Chiapas S\u00cd vivimos una situaci\u00f3n de guerra"},"content":{"rendered":"<p><!-- @page { margin: 2cm } P { margin-bottom: 0.21cm } --><span style=\"color: #000080;\"><strong>En Coreco afirmamos que en Chiapas S\u00cd vivimos una situaci\u00f3n de guerra y de conflicto generalizado.<\/strong><\/span><\/p>\n<p style=\"text-align: right;\">Noviembre 2009<\/p>\n<p>Vivimos la aceleraci\u00f3n y multiplicaci\u00f3n de los conflictos. Y ante esto, los grupos en el poder solamente buscan soluciones a corto plazo, administran el conflicto, no generan condiciones de di\u00e1logo, acusan falsamente a miembros de la sociedad civil, mantienen la impunidad hacia sus funcionarios y criminalizan la protesta social.<\/p>\n<p>En las \u00faltimas semanas los conflictos de organizaciones sociales con el gobierno se han polarizado, as\u00ed es el caso del conflicto entre la OCEZ Venustiano Carranza y el gobierno del estado. La injusta detenci\u00f3n de tres de sus miembros ha llevado a la organizaci\u00f3n a un plant\u00f3n en la plaza de San Crist\u00f3bal de Las Casas y a la toma pac\u00edfica de las instalaciones del PNUD en esta ciudad. Las gestiones de di\u00e1logo y mediaci\u00f3n han sido in\u00fatiles hasta el momento. En lugar de un acercamiento para encontrar una soluci\u00f3n dialogada se se\u00f1ala a los presos como miembros de bandas de narcotraficantes. Una vez m\u00e1s se intenta confundir la lucha social con la pertenencia a bandas criminales.<\/p>\n<p>Lo mismo sucede entre el gobierno estatal y la di\u00f3cesis de San Crist\u00f3bal de Las Casas, son m\u00faltiples las notas period\u00edsticas que se\u00f1alan a sacerdotes como responsables de un supuesto plan subversivo para el 2010. El documento denominado <em>Situaci\u00f3n prevaleciente en el municipio Venustiano Carranza , <\/em>de manera absurda, con dolo y falsedad, pretende responsabilizar al p\u00e1rroco del lugar Jes\u00fas Land\u00edn y al Centro de Derechos Humanos Fray Bartolom\u00e9 de Las Casas de incitar a la subversi\u00f3n y a la lucha armada a la poblaci\u00f3n.<\/p>\n<p>Igualmente existen\u00a0 intenciones del desalojo del centro educativo aut\u00f3nomo de la junta de buen gobierno (JBG) \u2018Nueva semilla que va a producir\u2019, del caracol de Roberto Barrios, en la zona norte. Nos indican que \u00abas intenciones del desalojo del centro educativo aut\u00f3nomo son por el proyecto de ecoturismo para poner negocios, ya que la escuela se ubica en la entrada a las cascadas del r\u00edo Basc\u00e1n\u00bb.<\/p>\n<p>Varios de los conflictos agrarios en el Estado, especialmente en la llamada zona de conflicto, no encuentran salida ni soluci\u00f3n dialogada. Existe cada d\u00eda mayor tensi\u00f3n y polarizaci\u00f3n. As\u00ed es el caso de las comunidades de Jotola en Chil\u00f3n y Mitzit\u00f3n en San Crist\u00f3bal de Las Casas, s\u00f3lo por se\u00f1alar dos situaciones.<\/p>\n<p>La intenci\u00f3n de imponer a c\u00f3mo de lugar los proyectos de desarrollo basados en los planes gubernamentales y empresariales, sin tomar en cuenta a la poblaci\u00f3n directamente afectada o a la que se pretende beneficiar generan situaciones de peligrosa tensi\u00f3n, As\u00ed son los planes de desarrollo minero, construcci\u00f3n de la carretera San Crist\u00f3bal &#8211; Palenque y los emplazamientos para abandonar poblados en la Selva Lacandona.<\/p>\n<p>La impunidad sigue siendo un lastre en nuestro estado. As\u00ed son los casos de la no investigaci\u00f3n de los asesinos de personas del poblado Viejo Velasco en la Selva Lacandona, despu\u00e9s de tres a\u00f1os no se ha detenido a los responsables materiales e intelectuales del asesinato de 4 personas. En el caso de la masacre de 45 personas en Acteal el 22 de diciembre de 1999 no se ha castigado a los autores intelectuales y la SCJN excarcelo a 30 personas se\u00f1aladas como autores de dicha masacre.<\/p>\n<p>En los municipios de Venustiano Carranza, Villa las Rosas, Amatenango del Valle, Comit\u00e1n, Chanal, Tzimol, Socoltenango y Teopisca, se ha registrado en los \u00faltimos meses una escalada represiva y un fuerte hostigamiento, manifestado por medio de cortes masivos y desmantelamiento de la energ\u00eda el\u00e9ctrica, as\u00ed como con amenazas de la polic\u00eda y autoridades municipales. Con la finalidad de intimidar a los grupos en resistencia civil en estos municipios.<\/p>\n<p>Ser\u00e1 con el di\u00e1logo y un sentido de justicia que brota desde la realidad de los pobres que se pueda superar la actual tensi\u00f3n. De otra manera, al criminalizar la protesta social, cerrar el camino al di\u00e1logo y acrecentar los rumores y falsas acusaciones, ser\u00e1 el mismo gobierno quien abona a una escalada conflictiva y atenta contra la vida de la poblaci\u00f3n chiapaneca.<\/p>\n","protected":false},"excerpt":{"rendered":"<p>Vivimos la aceleraci\u00f3n y multiplicaci\u00f3n de los conflictos. Y ante esto, los grupos en el poder solamente buscan soluciones a corto plazo, administran el conflicto, no generan condiciones de di\u00e1logo, acusan falsamente a miembros de la sociedad civil, mantienen la impunidad hacia sus funcionarios y criminalizan la protesta social.<\/p>\n","protected":false},"author":1,"featured_media":0,"comment_status":"open","ping_status":"open","sticky":false,"template":"","format":"standard","meta":{"footnotes":""},"categories":[3,39,40,41,38],"tags":[48,51],"class_list":["post-683","post","type-post","status-publish","format-standard","hentry","category-boletines","category-conflicto-en-chiapas","category-guerra-en-mexico","category-impunidad","category-militarizacion","tag-guerra-en-mexico","tag-impunidad"],"_links":{"self":[{"href":"https:\/\/coreco.org.mx\/wordpress\/wp-json\/wp\/v2\/posts\/683","targetHints":{"allow":["GET"]}}],"collection":[{"href":"https:\/\/coreco.org.mx\/wordpress\/wp-json\/wp\/v2\/posts"}],"about":[{"href":"https:\/\/coreco.org.mx\/wordpress\/wp-json\/wp\/v2\/types\/post"}],"author":[{"embeddable":true,"href":"https:\/\/coreco.org.mx\/wordpress\/wp-json\/wp\/v2\/users\/1"}],"replies":[{"embeddable":true,"href":"https:\/\/coreco.org.mx\/wordpress\/wp-json\/wp\/v2\/comments?post=683"}],"version-history":[{"count":10,"href":"https:\/\/coreco.org.mx\/wordpress\/wp-json\/wp\/v2\/posts\/683\/revisions"}],"predecessor-version":[{"id":2154,"href":"https:\/\/coreco.org.mx\/wordpress\/wp-json\/wp\/v2\/posts\/683\/revisions\/2154"}],"wp:attachment":[{"href":"https:\/\/coreco.org.mx\/wordpress\/wp-json\/wp\/v2\/media?parent=683"}],"wp:term":[{"taxonomy":"category","embeddable":true,"href":"https:\/\/coreco.org.mx\/wordpress\/wp-json\/wp\/v2\/categories?post=683"},{"taxonomy":"post_tag","embeddable":true,"href":"https:\/\/coreco.org.mx\/wordpress\/wp-json\/wp\/v2\/tags?post=683"}],"curies":[{"name":"wp","href":"https:\/\/api.w.org\/{rel}","templated":true}]}}