{"id":685,"date":"2009-11-13T16:29:20","date_gmt":"2009-11-13T22:29:20","guid":{"rendered":"http:\/\/coreco.org.mx\/wordpress\/?p=685"},"modified":"2016-05-02T18:38:01","modified_gmt":"2016-05-02T23:38:01","slug":"quinto-encuentro-de-constructores-de-paz-y-reconciliacion-2","status":"publish","type":"post","link":"https:\/\/coreco.org.mx\/wordpress\/quinto-encuentro-de-constructores-de-paz-y-reconciliacion-2\/","title":{"rendered":"Quinto Encuentro de Constructores de Paz y Reconciliaci\u00f3n"},"content":{"rendered":"<p>\u00c9sta es la memoria de nuestro quinto encuentro de constructores y constructoras de Paz y Reconciliaci\u00f3n.<\/p>\n<p>Este a\u00f1o, nos reunimos en Taniperla a tres horas por carretera y terracer\u00eda del pueblo de Ocosingo. Trabajamos del martes 10 al jueves 12 de noviembre y regresamos el viernes 13 por la ma\u00f1ana. \u00c9ste es el quinto a\u00f1o en que nos encontramos hombres y mujeres que trabajamos por la paz en nuestras comunidades ind\u00edgenas y campesinas.<\/p>\n<p>Hace cinco a\u00f1os, al primer encuentro en Huixt\u00e1n llegaron 27 personas; en el segundo, en Rosario La Monta\u00f1a, en Independencia, en 2006 llegaron 60 personas; al tercer encuentro en Pe\u00f1a Chavarico, tambi\u00e9n en Ocosingo, llegaron 165 hermanos y hermanas; el a\u00f1o pasado, a Los Laureles, Comit\u00e1n llegaron 277 personas, de los cuales 129 fueron mujeres y 148 hombres. Este a\u00f1o la participaci\u00f3n fue de: Mujeres: 198, Hombres: 374. TOTAL: 572 Participantes. de 17 municipios. 119 comunidades. 1 de Guatemala. Los participantes pertenecen a muy diversas organizaciones sociales. Adem\u00e1s de cat\u00f3licos tambi\u00e9n participaron hermanos de la Iglesia Presbiteriana. Y representantes de organizaciones civiles.<\/p>\n<pre style=\"text-align: center;\">Boletin del quinto encuentro constructores de paz y reconciliaci\u00f3n<\/pre>\n<p style=\"text-align: left;\"><a href=\"https:\/\/coreco.org.mx\/wordpress\/wp-content\/uploads\/2009\/11\/boletin-quinto-encuentro-constructores-FINAL.pdf\"><img loading=\"lazy\" decoding=\"async\" class=\"size-full wp-image-691 aligncenter\" title=\"Bolet\u00edn del quinto encuentro de Constructores de Paz y Reconciliaci\u00f3n\" src=\"https:\/\/coreco.org.mx\/wordpress\/wp-content\/uploads\/2009\/11\/image28262.png\" alt=\"image2826\" width=\"163\" height=\"211\" \/><\/a><\/p>\n<p style=\"text-align: left;\"><a href=\"https:\/\/coreco.org.mx\/wordpress\/wp-content\/uploads\/2009\/11\/01PA300001.JPG\"><img loading=\"lazy\" decoding=\"async\" class=\"size-thumbnail wp-image-718 alignleft\" title=\"01PA300001\" src=\"https:\/\/coreco.org.mx\/wordpress\/wp-content\/uploads\/2009\/11\/01PA300001-150x150.jpg\" alt=\"01PA300001\" width=\"150\" height=\"150\" \/><\/a><a href=\"https:\/\/coreco.org.mx\/wordpress\/wp-content\/uploads\/2009\/11\/05PA310092.JPG\"><img loading=\"lazy\" decoding=\"async\" class=\"size-thumbnail wp-image-721 alignleft\" title=\"05PA310092\" src=\"https:\/\/coreco.org.mx\/wordpress\/wp-content\/uploads\/2009\/11\/05PA310092-150x150.jpg\" alt=\"05PA310092\" width=\"150\" height=\"150\" \/><\/a><a href=\"https:\/\/coreco.org.mx\/wordpress\/wp-content\/uploads\/2009\/11\/02PA300021.JPG\"><img loading=\"lazy\" decoding=\"async\" class=\"size-thumbnail wp-image-719 alignleft\" title=\"02PA300021\" src=\"https:\/\/coreco.org.mx\/wordpress\/wp-content\/uploads\/2009\/11\/02PA300021-150x150.jpg\" alt=\"02PA300021\" width=\"150\" height=\"150\" \/><\/a><a href=\"https:\/\/coreco.org.mx\/wordpress\/wp-content\/uploads\/2009\/11\/03PA300023.JPG\"><img loading=\"lazy\" decoding=\"async\" class=\"size-thumbnail wp-image-720 alignleft\" title=\"03PA300023\" src=\"https:\/\/coreco.org.mx\/wordpress\/wp-content\/uploads\/2009\/11\/03PA300023-150x150.jpg\" alt=\"03PA300023\" width=\"150\" height=\"150\" \/><\/a><a href=\"https:\/\/coreco.org.mx\/wordpress\/wp-content\/uploads\/2009\/11\/02PA310010.JPG\"><img loading=\"lazy\" decoding=\"async\" class=\"alignleft wp-image-724 size-thumbnail\" title=\"02PA310010\" src=\"https:\/\/coreco.org.mx\/wordpress\/wp-content\/uploads\/2009\/11\/02PA310010-150x150.jpg\" alt=\"02PA310010\" width=\"150\" height=\"150\" \/><\/a><a href=\"https:\/\/coreco.org.mx\/wordpress\/wp-content\/uploads\/2009\/11\/01PA310005.JPG\"><img loading=\"lazy\" decoding=\"async\" class=\"size-thumbnail wp-image-723 alignleft\" title=\"01PA310005\" src=\"https:\/\/coreco.org.mx\/wordpress\/wp-content\/uploads\/2009\/11\/01PA310005-150x150.jpg\" alt=\"01PA310005\" width=\"150\" height=\"150\" \/><\/a><\/p>\n","protected":false},"excerpt":{"rendered":"<p>Memoria del quinto encuentro de constructores y constructoras de Paz y Reconciliaci\u00f3n. Taniperla, Ocosingo, 10 al 12 de noviembre. Nos encontramos 198 mujeres, 374 hombre que trabajamos por la paz en nuestras comunidades.<\/p>\n<p>En el primer encuentro, 2005 en Huixt\u00e1n, llegaron 27 personas; en el segundo, Rosario La Monta\u00f1a, Independencia, 2006, llegaron 60 personas; al tercer encuentro, Pe\u00f1a Chavarico, Ocosingo, llegaron 165 hermanos y hermanas; en 2008, Los Laureles, Comit\u00e1n: 129 mujeres y 148 hombres.<\/p>\n","protected":false},"author":1,"featured_media":0,"comment_status":"open","ping_status":"open","sticky":false,"template":"","format":"standard","meta":{"footnotes":""},"categories":[3,4,19,5,22],"tags":[43,44,45,50],"class_list":["post-685","post","type-post","status-publish","format-standard","hentry","category-boletines","category-campania-paz-fotografias","category-encuentro-de-constructores-de-paz-y-reconciliacion","category-encuentro-paz-reconciliacion","category-publicaciones","tag-campana-de-paz","tag-constructores-de-paz","tag-encuentros-paz","tag-publicaciones"],"_links":{"self":[{"href":"https:\/\/coreco.org.mx\/wordpress\/wp-json\/wp\/v2\/posts\/685","targetHints":{"allow":["GET"]}}],"collection":[{"href":"https:\/\/coreco.org.mx\/wordpress\/wp-json\/wp\/v2\/posts"}],"about":[{"href":"https:\/\/coreco.org.mx\/wordpress\/wp-json\/wp\/v2\/types\/post"}],"author":[{"embeddable":true,"href":"https:\/\/coreco.org.mx\/wordpress\/wp-json\/wp\/v2\/users\/1"}],"replies":[{"embeddable":true,"href":"https:\/\/coreco.org.mx\/wordpress\/wp-json\/wp\/v2\/comments?post=685"}],"version-history":[{"count":27,"href":"https:\/\/coreco.org.mx\/wordpress\/wp-json\/wp\/v2\/posts\/685\/revisions"}],"predecessor-version":[{"id":1497,"href":"https:\/\/coreco.org.mx\/wordpress\/wp-json\/wp\/v2\/posts\/685\/revisions\/1497"}],"wp:attachment":[{"href":"https:\/\/coreco.org.mx\/wordpress\/wp-json\/wp\/v2\/media?parent=685"}],"wp:term":[{"taxonomy":"category","embeddable":true,"href":"https:\/\/coreco.org.mx\/wordpress\/wp-json\/wp\/v2\/categories?post=685"},{"taxonomy":"post_tag","embeddable":true,"href":"https:\/\/coreco.org.mx\/wordpress\/wp-json\/wp\/v2\/tags?post=685"}],"curies":[{"name":"wp","href":"https:\/\/api.w.org\/{rel}","templated":true}]}}